{"id":11830,"date":"2023-09-15T11:25:22","date_gmt":"2023-09-15T14:25:22","guid":{"rendered":"https:\/\/www.visionweb.com.ar\/?p=11830"},"modified":"2023-09-15T11:25:22","modified_gmt":"2023-09-15T14:25:22","slug":"luto-en-el-arte-del-mundo-fallecio-fernando-botero","status":"publish","type":"post","link":"https:\/\/www.visionweb.com.ar\/?p=11830","title":{"rendered":"Luto en el arte del mundo: Falleci\u00f3 Fernando Botero"},"content":{"rendered":"<p><em><strong>Fernando Botero, el reconocido artista colombiano que fue uno de los latinoamericanos m\u00e1s influyentes del siglo XX y adquiri\u00f3 fama mundial por sus esculturas de voluptuosas figuras. El genio que supo llevar el arte a las calles.<\/strong><\/em><!--more--><\/p>\n<p><strong><img loading=\"lazy\" decoding=\"async\" class=\"size-medium wp-image-11831 alignright\" src=\"https:\/\/www.visionweb.com.ar\/wp-content\/uploads\/2023\/09\/fernnado-botero-300x165.png\" alt=\"\" width=\"300\" height=\"165\" srcset=\"https:\/\/www.visionweb.com.ar\/wp-content\/uploads\/2023\/09\/fernnado-botero-300x165.png 300w, https:\/\/www.visionweb.com.ar\/wp-content\/uploads\/2023\/09\/fernnado-botero.png 456w\" sizes=\"auto, (max-width: 300px) 100vw, 300px\" \/>\u00a0 E<\/strong>l reconocido artista colombiano<strong>, Fernando Botero,\u00a0falleci\u00f3 en las \u00faltimas horas a sus 91 a\u00f1os <\/strong>tras la complicaci\u00f3n de su estado de salud, luego de permanecer internado por una neumon\u00eda el pasado jueves hab\u00eda salido del hospital para continuar su recuperaci\u00f3n en\u00a0su hogar en el principado de M\u00f3naco.<\/p>\n<p><strong>El pintor y escultor m\u00e1s c\u00e9lebre conocido por sus esculturas de voluptuosas figuras y\u00a0el uso del color como su marca distintiva. <\/strong>As\u00ed, el m\u00e1s importante en la historia de Colombia: <strong>el genio que supo llevar el arte a las calles.<\/strong><\/p>\n<p>Nacido el 19 de abril de 1932 en\u00a0<strong>Medell\u00edn (Antioquia)<\/strong>, Fernando Botero se convirti\u00f3 en el artista colombiano que le dio protagonismo al arte nacional en los escenarios y ciudades m\u00e1s importantes del mundo. Sus obras, que son inmortales, llegaron a\u00a0<strong>Estados Unidos, Francia, M\u00e9xico<\/strong>, e incluso tocaron\u00a0<strong>territorio europeo y asi\u00e1tico<\/strong>.<\/p>\n<p><img loading=\"lazy\" decoding=\"async\" class=\"size-medium wp-image-11832 alignleft\" src=\"https:\/\/www.visionweb.com.ar\/wp-content\/uploads\/2023\/09\/botero-escultura-300x200.png\" alt=\"\" width=\"300\" height=\"200\" srcset=\"https:\/\/www.visionweb.com.ar\/wp-content\/uploads\/2023\/09\/botero-escultura-300x200.png 300w, https:\/\/www.visionweb.com.ar\/wp-content\/uploads\/2023\/09\/botero-escultura.png 417w\" sizes=\"auto, (max-width: 300px) 100vw, 300px\" \/>El artista <strong>segu\u00eda pintando en su estudio hasta que sufri\u00f3 una neumon\u00eda por la que tuvo que ser internado<\/strong>. <strong>Su hija Lina Botero<\/strong>, en declaraciones a los medios, explic\u00f3 que falleci\u00f3 en M\u00f3naco esta ma\u00f1ana:\u00a0<strong>\u00abLlevaba cinco d\u00edas bastante delicado de salud porque hab\u00eda desarrollado una neumon\u00eda\u00bb.\u00a0<\/strong><\/p>\n<p><strong>\u00abMuri\u00f3 con 91 a\u00f1os, tuvo una vida extraordinaria y se fue en el momento indicado\u00bb,<\/strong>\u00a0expres\u00f3 su hija, conmocionada, y lo record\u00f3 como una persona \u00abque dedic\u00f3 su vida a su pa\u00eds, que fue el tema de su obra art\u00edstica\u00bb.<\/p>\n<p>El pintor<strong>\u00a0estudi\u00f3 en Colombia y en la Real Academia de Arte de San Fernando, en Madrid<\/strong>. Empez\u00f3 a exponer en la d\u00e9cada de 1960 en Estados Unidos, con una primera muestra en el Milwaukee Art Center donde comenz\u00f3 a mostrar su caracter\u00edstico estilo figurativo.<\/p>\n<p>Botero deja atr\u00e1s una larga obra art\u00edstica; desde su caracter\u00edstica y peculiar Mona Lisa a las parejas de gruesas formas bailando, pasando por sus<strong>\u00a0esculturas que adornan los rincones del mundo, pero sobre todo su natal Medell\u00edn, a la que le regal\u00f3 decenas de obras. (VW)<\/strong><\/p>\n","protected":false},"excerpt":{"rendered":"<p>Fernando Botero, el reconocido artista colombiano que fue uno de los latinoamericanos m\u00e1s influyentes del siglo XX y adquiri\u00f3 fama mundial por sus esculturas de voluptuosas figuras. El genio que supo llevar el arte&#46;&#46;&#46;<\/p>\n","protected":false},"author":4,"featured_media":11832,"comment_status":"closed","ping_status":"closed","sticky":false,"template":"","format":"standard","meta":{"_monsterinsights_skip_tracking":false,"_monsterinsights_sitenote_active":false,"_monsterinsights_sitenote_note":"","_monsterinsights_sitenote_category":0,"footnotes":""},"categories":[8,1822],"tags":[4929,161,4927,4928],"class_list":["post-11830","post","type-post","status-publish","format-standard","has-post-thumbnail","hentry","category-interes-general","category-internacionales","tag-colombia","tag-fallecimiento","tag-fernando-botero","tag-pintor-y-escultor"],"_links":{"self":[{"href":"https:\/\/www.visionweb.com.ar\/index.php?rest_route=\/wp\/v2\/posts\/11830","targetHints":{"allow":["GET"]}}],"collection":[{"href":"https:\/\/www.visionweb.com.ar\/index.php?rest_route=\/wp\/v2\/posts"}],"about":[{"href":"https:\/\/www.visionweb.com.ar\/index.php?rest_route=\/wp\/v2\/types\/post"}],"author":[{"embeddable":true,"href":"https:\/\/www.visionweb.com.ar\/index.php?rest_route=\/wp\/v2\/users\/4"}],"replies":[{"embeddable":true,"href":"https:\/\/www.visionweb.com.ar\/index.php?rest_route=%2Fwp%2Fv2%2Fcomments&post=11830"}],"version-history":[{"count":1,"href":"https:\/\/www.visionweb.com.ar\/index.php?rest_route=\/wp\/v2\/posts\/11830\/revisions"}],"predecessor-version":[{"id":11833,"href":"https:\/\/www.visionweb.com.ar\/index.php?rest_route=\/wp\/v2\/posts\/11830\/revisions\/11833"}],"wp:featuredmedia":[{"embeddable":true,"href":"https:\/\/www.visionweb.com.ar\/index.php?rest_route=\/wp\/v2\/media\/11832"}],"wp:attachment":[{"href":"https:\/\/www.visionweb.com.ar\/index.php?rest_route=%2Fwp%2Fv2%2Fmedia&parent=11830"}],"wp:term":[{"taxonomy":"category","embeddable":true,"href":"https:\/\/www.visionweb.com.ar\/index.php?rest_route=%2Fwp%2Fv2%2Fcategories&post=11830"},{"taxonomy":"post_tag","embeddable":true,"href":"https:\/\/www.visionweb.com.ar\/index.php?rest_route=%2Fwp%2Fv2%2Ftags&post=11830"}],"curies":[{"name":"wp","href":"https:\/\/api.w.org\/{rel}","templated":true}]}}