{"id":11829,"date":"2023-09-15T11:34:03","date_gmt":"2023-09-15T14:34:03","guid":{"rendered":"https:\/\/www.visionweb.com.ar\/?p=11829"},"modified":"2023-09-15T13:40:17","modified_gmt":"2023-09-15T16:40:17","slug":"lanus-recordara-la-edad-media","status":"publish","type":"post","link":"https:\/\/www.visionweb.com.ar\/?p=11829","title":{"rendered":"Lan\u00fas recordar\u00e1 la  \u00abEdad media\u00bb"},"content":{"rendered":"<p><em><strong>Ser\u00e1 durante este fin de semana en el MACsur. Tambi\u00e9n queqd\u00f3 habilitada la muestra \u00abSeg\u00fan pasan los a\u00f1os. Dos actividades para tener en cuenta este fin de semana. <\/strong><\/em>\u00a0\u00a0<!--more--><\/p>\n<p><strong><img loading=\"lazy\" decoding=\"async\" class=\"size-medium wp-image-11838 alignright\" src=\"https:\/\/www.visionweb.com.ar\/wp-content\/uploads\/2023\/09\/EDAD-MEDIA-300x300.png\" alt=\"\" width=\"300\" height=\"300\" srcset=\"https:\/\/www.visionweb.com.ar\/wp-content\/uploads\/2023\/09\/EDAD-MEDIA-300x300.png 300w, https:\/\/www.visionweb.com.ar\/wp-content\/uploads\/2023\/09\/EDAD-MEDIA-150x150.png 150w, https:\/\/www.visionweb.com.ar\/wp-content\/uploads\/2023\/09\/EDAD-MEDIA-80x80.png 80w, https:\/\/www.visionweb.com.ar\/wp-content\/uploads\/2023\/09\/EDAD-MEDIA-320x320.png 320w, https:\/\/www.visionweb.com.ar\/wp-content\/uploads\/2023\/09\/EDAD-MEDIA-65x65.png 65w, https:\/\/www.visionweb.com.ar\/wp-content\/uploads\/2023\/09\/EDAD-MEDIA.png 480w\" sizes=\"auto, (max-width: 300px) 100vw, 300px\" \/>E<\/strong>l Municipio de Lan\u00fas organiza un fin de semana medieval con actividades para grandes y chicos. El evento se realizar\u00e1 el s\u00e1bado 16 y domingo 17 de septiembre de 12 a 19 horas en el Museo de Arte Contempor\u00e1neo del Sur (MACSur) situado en avenida 25 de Mayo 131, Lan\u00fas Oeste.<\/p>\n<p>El evento, que tendr\u00e1 entrada libre y gratuita, incluir\u00e1 dos jornadas recreativas y culturales que evocar\u00e1n diversos climas y costumbres de la \u00e9poca medieval.<\/p>\n<p>Las actividades se desarrollar\u00e1n en los espacios Patio y Macu ubicados en el interior de MACSur, donde se presentar\u00e1n espect\u00e1culos de bandas locales, m\u00fasica y shows de circo para los m\u00e1s chicos.<\/p>\n<p>Adem\u00e1s, las personas podr\u00e1n asistir a distintos talleres tem\u00e1ticos para aprender t\u00e9cnicas ancestrales como la elaboraci\u00f3n de Hidromiel \u2014una antigua bebida alcoh\u00f3lica producida a base de agua y miel\u2014, o conocer detalles de la historia de la balalaica, un tradicional instrumento musical de origen ruso.<\/p>\n<p>Tambi\u00e9n habr\u00e1 stands de lectura de runas y de simbolog\u00eda Celta. A su vez, los asistentes tendr\u00e1n la oportunidad de recorrer el mercado medieval y de saborear diferentes comidas t\u00edpicas.<\/p>\n<p><strong>Muestra art\u00edstica<\/strong><\/p>\n<p><img loading=\"lazy\" decoding=\"async\" class=\"size-medium wp-image-11834 alignleft\" src=\"https:\/\/www.visionweb.com.ar\/wp-content\/uploads\/2023\/09\/MUESTRA-300x300.png\" alt=\"\" width=\"300\" height=\"300\" srcset=\"https:\/\/www.visionweb.com.ar\/wp-content\/uploads\/2023\/09\/MUESTRA-300x300.png 300w, https:\/\/www.visionweb.com.ar\/wp-content\/uploads\/2023\/09\/MUESTRA-150x150.png 150w, https:\/\/www.visionweb.com.ar\/wp-content\/uploads\/2023\/09\/MUESTRA-80x80.png 80w, https:\/\/www.visionweb.com.ar\/wp-content\/uploads\/2023\/09\/MUESTRA-320x320.png 320w, https:\/\/www.visionweb.com.ar\/wp-content\/uploads\/2023\/09\/MUESTRA-65x65.png 65w, https:\/\/www.visionweb.com.ar\/wp-content\/uploads\/2023\/09\/MUESTRA.png 480w\" sizes=\"auto, (max-width: 300px) 100vw, 300px\" \/>Por otra parte, desde este s\u00e1bado, ya se\u00a0 inaugur\u00f3 la exposici\u00f3n \u00abSeg\u00fan pasan los a\u00f1os\u00bb, se trata de una exhibici\u00f3n interactiva realizada con tapas y recortes de diarios en la que se clasifican hechos ocurridos desde el 29 de septiembre de 1944 hasta la actualidad. La entrada es gratuita y se puede visitar de lunes a viernes de 9 a 15 horas en el Museo Hist\u00f3rico Juan Pi\u00f1eiro (Melo 2877, Lan\u00fas Oeste).<\/p>\n<p>Seg\u00fan pasan los a\u00f1os es una invitaci\u00f3n a explorar sensaciones y vivencias personales mediante la observaci\u00f3n de los principales acontecimientos a nivel nacional y mundial que se publicaron en las tapas de los diarios durante los \u00faltimos 79 a\u00f1os de autonom\u00eda municipal.<\/p>\n<p>A su vez, las personas que recorran esta propuesta podr\u00e1n convertirse en protagonistas de la historia local mediante la escritura de alguna vivencia personal que luego formar\u00e1 parte de la exposici\u00f3n.<\/p>\n<p>La actividad permanecer\u00e1 vigente durante la Noche de los Museos que se desarrollar\u00e1 el 23 de septiembre de 17 a 21 horas y finalizar\u00e1 el 29 de septiembre.<\/p>\n<p><strong>(VW)<\/strong><\/p>\n","protected":false},"excerpt":{"rendered":"<p>Ser\u00e1 durante este fin de semana en el MACsur. Tambi\u00e9n queqd\u00f3 habilitada la muestra \u00abSeg\u00fan pasan los a\u00f1os. Dos actividades para tener en cuenta este fin de semana. \u00a0\u00a0<\/p>\n","protected":false},"author":3,"featured_media":11838,"comment_status":"closed","ping_status":"closed","sticky":false,"template":"","format":"standard","meta":{"_monsterinsights_skip_tracking":false,"_monsterinsights_sitenote_active":false,"_monsterinsights_sitenote_note":"","_monsterinsights_sitenote_category":0,"footnotes":""},"categories":[7],"tags":[4930,1544,1353],"class_list":["post-11829","post","type-post","status-publish","format-standard","has-post-thumbnail","hentry","category-educacion-y-cultura","tag-diarios","tag-macsur","tag-muestra"],"_links":{"self":[{"href":"https:\/\/www.visionweb.com.ar\/index.php?rest_route=\/wp\/v2\/posts\/11829","targetHints":{"allow":["GET"]}}],"collection":[{"href":"https:\/\/www.visionweb.com.ar\/index.php?rest_route=\/wp\/v2\/posts"}],"about":[{"href":"https:\/\/www.visionweb.com.ar\/index.php?rest_route=\/wp\/v2\/types\/post"}],"author":[{"embeddable":true,"href":"https:\/\/www.visionweb.com.ar\/index.php?rest_route=\/wp\/v2\/users\/3"}],"replies":[{"embeddable":true,"href":"https:\/\/www.visionweb.com.ar\/index.php?rest_route=%2Fwp%2Fv2%2Fcomments&post=11829"}],"version-history":[{"count":5,"href":"https:\/\/www.visionweb.com.ar\/index.php?rest_route=\/wp\/v2\/posts\/11829\/revisions"}],"predecessor-version":[{"id":11842,"href":"https:\/\/www.visionweb.com.ar\/index.php?rest_route=\/wp\/v2\/posts\/11829\/revisions\/11842"}],"wp:featuredmedia":[{"embeddable":true,"href":"https:\/\/www.visionweb.com.ar\/index.php?rest_route=\/wp\/v2\/media\/11838"}],"wp:attachment":[{"href":"https:\/\/www.visionweb.com.ar\/index.php?rest_route=%2Fwp%2Fv2%2Fmedia&parent=11829"}],"wp:term":[{"taxonomy":"category","embeddable":true,"href":"https:\/\/www.visionweb.com.ar\/index.php?rest_route=%2Fwp%2Fv2%2Fcategories&post=11829"},{"taxonomy":"post_tag","embeddable":true,"href":"https:\/\/www.visionweb.com.ar\/index.php?rest_route=%2Fwp%2Fv2%2Ftags&post=11829"}],"curies":[{"name":"wp","href":"https:\/\/api.w.org\/{rel}","templated":true}]}}