{"id":11827,"date":"2023-09-15T10:34:53","date_gmt":"2023-09-15T13:34:53","guid":{"rendered":"https:\/\/www.visionweb.com.ar\/?p=11827"},"modified":"2023-09-15T10:34:53","modified_gmt":"2023-09-15T13:34:53","slug":"devolucion-del-iva-los-detalles-de-la-medida","status":"publish","type":"post","link":"https:\/\/www.visionweb.com.ar\/?p=11827","title":{"rendered":"Devoluci\u00f3n del IVA: Los detalles de la medida"},"content":{"rendered":"<p><em><strong>El programa ser\u00e1 para la compra de productos comprendidos en la canasta b\u00e1sica, s\u00f3lo con tarjeta de d\u00e9bito para titulares de cuenta sueldo. El tope de devoluci\u00f3n de $18.000 mensuales es por beneficiario. Se estima que regir\u00e1 desde el lunes 18.<\/strong><\/em><!--more--><\/p>\n<p><img loading=\"lazy\" decoding=\"async\" class=\"size-medium wp-image-11617 alignright\" src=\"https:\/\/www.visionweb.com.ar\/wp-content\/uploads\/2023\/08\/a-bono-300x222.png\" alt=\"\" width=\"300\" height=\"222\" srcset=\"https:\/\/www.visionweb.com.ar\/wp-content\/uploads\/2023\/08\/a-bono-300x222.png 300w, https:\/\/www.visionweb.com.ar\/wp-content\/uploads\/2023\/08\/a-bono.png 395w\" sizes=\"auto, (max-width: 300px) 100vw, 300px\" \/>\u00a0 <strong>E<\/strong>l Ministerio de Econom\u00eda inform\u00f3 los detalles de la ampliaci\u00f3n del programa\u00a0<strong>Compre sin IVA para trabajadores y monotributistas,<\/strong>\u00a0<strong>jubilados y pensionados beneficiarios de la Asignaci\u00f3n Universal por Hijo\u00a0<\/strong>(AUH), mediante el cual se dispone devolver el 21% por IVA del monto de las compras de productos de la canasta b\u00e1sica, a realizarse con tarjeta de d\u00e9bito.<\/p>\n<p>El programa alcanzar\u00e1 a 7 millones de jubilados y pensionados, 2,5 millones de beneficiarios de la AUH, 2,7 millones de monotributistas, 9 millones de empleados en relaci\u00f3n de dependencia y 440 mil trabajadores del R\u00e9gimen del Personal de Casa Particulares.<\/p>\n<p>En el caso de los <strong>jubilados<\/strong>, como ya ven\u00eda sucediendo,\u00a0<strong>no podr\u00e1n cobrar m\u00e1s de tres haberes m\u00ednimos<\/strong>. Actualmente la m\u00ednima se encuentra en $87.460, por lo cual,\u00a0<strong>no podr\u00e1n acceder al beneficio quienes cobren por encima de los $262.380.<\/strong><\/p>\n<p>Los trabajadores formales deber\u00e1n tener ingresos de hasta seis salarios m\u00ednimos, vitales y m\u00f3viles.\u00a0<strong>Esto implica $708.000 brutos en total.<\/strong><\/p>\n<p>Se reintegrar\u00e1\u00a0<strong>la totalidad del IVA de los productos de la canasta b\u00e1sica (21% del valor de los productos), con un tope de $18.000 mensuales por beneficiario<\/strong>. Para que la devoluci\u00f3n sea de $18.800, la compra deber\u00e1 ser de $89.523.<\/p>\n<p>El dinero ser\u00e1\u00a0<strong>acreditado en la cuenta del beneficiario en un plazo de 48 horas<\/strong>.<\/p>\n<p><strong>Este programa s\u00f3lo incluye los productos de la canasta b\u00e1sica:<\/strong><\/p>\n<p>La Canasta B\u00e1sica Alimentaria del Instituto Nacional de Estad\u00edstica y Censos (Indec) para un adulto incluye:<\/p>\n<ul>\n<li>Pan; Galletitas de agua y galletitas dulces<\/li>\n<li>Arroz; Harina de trigo; Otras harinas (ma\u00edz)<\/li>\n<li>Fideos<\/li>\n<li>Dulces: incluye dulce de batata, mermelada, dulce de leche<\/li>\n<li>Papa y Batata<\/li>\n<li>Legumbres secas: lentejas y arvejas<\/li>\n<li>Hortalizas: acelga, cebolla, lechuga, tomate perita, zanahoria, zapallo, tomate envasado<\/li>\n<li>Frutas: manzana, mandarina, naranja, banana, pera<\/li>\n<li>Carnes: asado, carnaza com\u00fan, espinazo, paleta, carne picada, nalga, pollo, carne de pescado<\/li>\n<li>Menudencias<\/li>\n<li>Fiambres<\/li>\n<li>Huevos<\/li>\n<li>Leche; Queso: queso crema, queso cuartirolo, queso para rallar; Yogur; Manteca<\/li>\n<li>Aceite<\/li>\n<li>Bebidas no alcoh\u00f3licas y alcoh\u00f3licas<\/li>\n<li>Sal fina; Condimentos; Vinagre<\/li>\n<li>Caf\u00e9, Az\u00facar, Yerba<\/li>\n<\/ul>\n<p>El pago<strong>\u00a0debe ser con tarjeta de d\u00e9bito. <\/strong>Por el momento\u00a0<strong>no estar\u00e1n contempladas las operaciones realizadas por billeteras virtuales u otros medios de pago<\/strong>\u00a0asociados a las cuentas bancarias, como los caso de Mercado Pago, MODO, Ual\u00e1, entre otras.<\/p>\n<p>Cabe resaltar que la tarjeta de d\u00e9bito permitida\u00a0<strong>es la de cuenta sueldo<\/strong>. Es decir que\u00a0<strong>no puede darse el reintegro si es una tarjeta adicional o tarjetas prepago.<\/strong><\/p>\n<p><strong>El l\u00edmite mensual de reintegro es por persona y no por grupo familiar<\/strong>,\u00a0<strong>y no es acumulable:\u00a0<\/strong>lo que significa que si una persona es monotributista y, al mismo tiempo, trabaja en relaci\u00f3n de dependencia, tendr\u00e1 un l\u00edmite de $18.800.<\/p>\n<p>E<strong>l reintegro s\u00f3lo es v\u00e1lido para compras presenciales, es decir, no contempla compras de manera virtual.<\/strong><\/p>\n<p>L<strong>os reintegros ser\u00e1n autom\u00e1ticos en todos los comercios,<\/strong>\u00a0supermercados, minimercados, mayoristas, verduler\u00edas, carnicer\u00edas, fruter\u00edas, que vendan este tipo de productos y\u00a0<strong>est\u00e9n debidamente registrados en la actividad formal<\/strong>.<\/p>\n<p>La ampliaci\u00f3n del programa comenzar\u00e1 a regir cuando lo disponga el decreto correspondiente, una vez que sea publicado en el Bolet\u00edn Oficial.\u00a0<strong>Se estima que ser\u00e1 a partir del pr\u00f3ximo lunes 18 de septiembre y que se extienda hasta el 31 de diciembre.<\/strong><\/p>\n<p><strong>El tope del 21% es sobre el valor de una Canasta B\u00e1sica Alimentaria para cuatro integrantes <\/strong>(compuesta por un var\u00f3n de 35 a\u00f1os, una mujer de 31 a\u00f1os, un hijo de 6 a\u00f1os y una hija de 8 a\u00f1os), que se ubica en $111.642. <strong>(VW)<\/strong><\/p>\n<p>&nbsp;<\/p>\n","protected":false},"excerpt":{"rendered":"<p>El programa ser\u00e1 para la compra de productos comprendidos en la canasta b\u00e1sica, s\u00f3lo con tarjeta de d\u00e9bito para titulares de cuenta sueldo. El tope de devoluci\u00f3n de $18.000 mensuales es por beneficiario. Se&#46;&#46;&#46;<\/p>\n","protected":false},"author":4,"featured_media":11617,"comment_status":"closed","ping_status":"closed","sticky":false,"template":"","format":"standard","meta":{"_monsterinsights_skip_tracking":false,"_monsterinsights_sitenote_active":false,"_monsterinsights_sitenote_note":"","_monsterinsights_sitenote_category":0,"footnotes":""},"categories":[6,5],"tags":[4925,569,845,4926],"class_list":["post-11827","post","type-post","status-publish","format-standard","has-post-thumbnail","hentry","category-economia","category-sociedad","tag-devolucion-del-iva","tag-jubilados","tag-monotributistas","tag-reintegro-del-21"],"_links":{"self":[{"href":"https:\/\/www.visionweb.com.ar\/index.php?rest_route=\/wp\/v2\/posts\/11827","targetHints":{"allow":["GET"]}}],"collection":[{"href":"https:\/\/www.visionweb.com.ar\/index.php?rest_route=\/wp\/v2\/posts"}],"about":[{"href":"https:\/\/www.visionweb.com.ar\/index.php?rest_route=\/wp\/v2\/types\/post"}],"author":[{"embeddable":true,"href":"https:\/\/www.visionweb.com.ar\/index.php?rest_route=\/wp\/v2\/users\/4"}],"replies":[{"embeddable":true,"href":"https:\/\/www.visionweb.com.ar\/index.php?rest_route=%2Fwp%2Fv2%2Fcomments&post=11827"}],"version-history":[{"count":1,"href":"https:\/\/www.visionweb.com.ar\/index.php?rest_route=\/wp\/v2\/posts\/11827\/revisions"}],"predecessor-version":[{"id":11828,"href":"https:\/\/www.visionweb.com.ar\/index.php?rest_route=\/wp\/v2\/posts\/11827\/revisions\/11828"}],"wp:featuredmedia":[{"embeddable":true,"href":"https:\/\/www.visionweb.com.ar\/index.php?rest_route=\/wp\/v2\/media\/11617"}],"wp:attachment":[{"href":"https:\/\/www.visionweb.com.ar\/index.php?rest_route=%2Fwp%2Fv2%2Fmedia&parent=11827"}],"wp:term":[{"taxonomy":"category","embeddable":true,"href":"https:\/\/www.visionweb.com.ar\/index.php?rest_route=%2Fwp%2Fv2%2Fcategories&post=11827"},{"taxonomy":"post_tag","embeddable":true,"href":"https:\/\/www.visionweb.com.ar\/index.php?rest_route=%2Fwp%2Fv2%2Ftags&post=11827"}],"curies":[{"name":"wp","href":"https:\/\/api.w.org\/{rel}","templated":true}]}}