{"id":11819,"date":"2023-09-14T14:29:55","date_gmt":"2023-09-14T17:29:55","guid":{"rendered":"https:\/\/www.visionweb.com.ar\/?p=11819"},"modified":"2023-09-14T14:50:38","modified_gmt":"2023-09-14T17:50:38","slug":"el-municipio-de-lanus-pagara-el-bono-de-600-a-los-empleados","status":"publish","type":"post","link":"https:\/\/www.visionweb.com.ar\/?p=11819","title":{"rendered":"El Municipio de Lan\u00fas pagar\u00e1 el bono de $ 60.000 a los empleados"},"content":{"rendered":"<p><em><strong>El Gobernador Kicillo visit\u00f3, el lunes el municipio para inaugurar un jard\u00edn de infantes. La obra se concluy\u00f3 con recursos municipales.<\/strong><\/em><\/p>\n<p><!--more--><strong><img loading=\"lazy\" decoding=\"async\" class=\"size-medium wp-image-3941 alignright\" src=\"https:\/\/www.visionweb.com.ar\/wp-content\/uploads\/2021\/12\/municipalidad-lanus-1-1-300x191.jpg\" alt=\"\" width=\"300\" height=\"191\" srcset=\"https:\/\/www.visionweb.com.ar\/wp-content\/uploads\/2021\/12\/municipalidad-lanus-1-1-300x191.jpg 300w, https:\/\/www.visionweb.com.ar\/wp-content\/uploads\/2021\/12\/municipalidad-lanus-1-1.jpg 625w\" sizes=\"auto, (max-width: 300px) 100vw, 300px\" \/>D<\/strong>esde el gobierno municipal de Lan\u00fas aseguraron en las \u00faltimas horas\u00a0 que se tom\u00f3 la decici\u00f3n de pagar el bono de $60.000, que la Naci\u00f3n anunci\u00f3 d\u00edas atr\u00e1s para reforzar los ingresos de los trabajadores.<\/p>\n<p>El anuncio lo hizo el intendente interino, en reemplazo de N\u00e9stor Grindetti, en uso de licencia por su candidatura a la gobernaci\u00f3n bonaerense parea las pr\u00f3ximas elecciones generales.<\/p>\n<p>\u00bb Quiero contarles que tomamos una decisi\u00f3n muy importante respecto al bono para empleados municipales. A pesar de la deuda que el gobierno provincial sostiene con el Municipio por casi 500 millones de pesos en concepto de obras de infraestructura de pavimento y escuelas, vamos a pagar el bono no remunerativo de 60.000 pesos en 2 cuotas a nuestros trabajadores mensualizados\u00a0 y planta permanente\u00bb, enuncio este martes Kravetz en su cuenta de twitter.<\/p>\n<p>Al respecto, el jefe interino del Municipio explic\u00f3 que el pago se realizar\u00e1 en dos cuotas: La primera ser\u00e1 el 20 de septiembre y la otra el 12 de octubre, ambas con recursos propios, detall\u00f3.<\/p>\n<p>Kravetz, record\u00f3 por otra parte que, el gobernador Axel Kicillof estuco el lunes en Lan\u00fas, inaugurando el jard\u00edn 924 junto a su candidato a Intendente (Juli\u00e1n Alvarez), de su espacio pol\u00edtico.<\/p>\n<p>\u00ab\u00c9se jard\u00edn est\u00e1 construido gracias a que adelantamos la obra con recursos municipales, porque todav\u00eda esperamos que nos env\u00eden el dinero de la \u00faltima etapa que a\u00fan adeuda. Esperamos que no suceda lo mismo con estos recursos que estamos destinando para que nuestros trabajadores puedan pasar estos momentos de turbulencia econ\u00f3mica con una inflaci\u00f3n alt\u00edsima que nos complica la vida a todos\u00bb, resumi\u00f3 Kravetz.<\/p>\n<p>A principio de semana,\u00a0 la Regional de la CGT Avellaneda-Lan\u00fas declar\u00f3 el \u201cestado de alerta y movilizaci\u00f3n\u201d en reclamo por los \u201csalarios de hambre\u201d que consider\u00f3 que reciben los trabajadores municipales en Lan\u00fas, y exigi\u00f3 el pago del bono de $60.000, dispuesto por el ministro de Econom\u00eda, Sergio Masssa<\/p>\n<p>\u201cNos declaramos en estado de alerta y movilizaci\u00f3n ante el reclamo que los y las trabajadoras municipales de Lan\u00fas vienen realizando\u201d, manifestaron en un comunicado que lleva la firma del Consejo Directivo de la regional publicada el fin de semana.<strong>(VW)<\/strong>.<\/p>\n","protected":false},"excerpt":{"rendered":"<p>El Gobernador Kicillo visit\u00f3, el lunes el municipio para inaugurar un jard\u00edn de infantes. La obra se concluy\u00f3 con recursos municipales.<\/p>\n","protected":false},"author":3,"featured_media":3941,"comment_status":"closed","ping_status":"closed","sticky":false,"template":"","format":"standard","meta":{"_monsterinsights_skip_tracking":false,"_monsterinsights_sitenote_active":false,"_monsterinsights_sitenote_note":"","_monsterinsights_sitenote_category":0,"footnotes":""},"categories":[3,4],"tags":[],"class_list":["post-11819","post","type-post","status-publish","format-standard","has-post-thumbnail","hentry","category-actualidad","category-politica"],"_links":{"self":[{"href":"https:\/\/www.visionweb.com.ar\/index.php?rest_route=\/wp\/v2\/posts\/11819","targetHints":{"allow":["GET"]}}],"collection":[{"href":"https:\/\/www.visionweb.com.ar\/index.php?rest_route=\/wp\/v2\/posts"}],"about":[{"href":"https:\/\/www.visionweb.com.ar\/index.php?rest_route=\/wp\/v2\/types\/post"}],"author":[{"embeddable":true,"href":"https:\/\/www.visionweb.com.ar\/index.php?rest_route=\/wp\/v2\/users\/3"}],"replies":[{"embeddable":true,"href":"https:\/\/www.visionweb.com.ar\/index.php?rest_route=%2Fwp%2Fv2%2Fcomments&post=11819"}],"version-history":[{"count":5,"href":"https:\/\/www.visionweb.com.ar\/index.php?rest_route=\/wp\/v2\/posts\/11819\/revisions"}],"predecessor-version":[{"id":11824,"href":"https:\/\/www.visionweb.com.ar\/index.php?rest_route=\/wp\/v2\/posts\/11819\/revisions\/11824"}],"wp:featuredmedia":[{"embeddable":true,"href":"https:\/\/www.visionweb.com.ar\/index.php?rest_route=\/wp\/v2\/media\/3941"}],"wp:attachment":[{"href":"https:\/\/www.visionweb.com.ar\/index.php?rest_route=%2Fwp%2Fv2%2Fmedia&parent=11819"}],"wp:term":[{"taxonomy":"category","embeddable":true,"href":"https:\/\/www.visionweb.com.ar\/index.php?rest_route=%2Fwp%2Fv2%2Fcategories&post=11819"},{"taxonomy":"post_tag","embeddable":true,"href":"https:\/\/www.visionweb.com.ar\/index.php?rest_route=%2Fwp%2Fv2%2Ftags&post=11819"}],"curies":[{"name":"wp","href":"https:\/\/api.w.org\/{rel}","templated":true}]}}