{"id":11811,"date":"2023-09-14T12:49:57","date_gmt":"2023-09-14T15:49:57","guid":{"rendered":"https:\/\/www.visionweb.com.ar\/?p=11811"},"modified":"2023-09-14T13:06:10","modified_gmt":"2023-09-14T16:06:10","slug":"reintegro-de-iva-para-jubilados-el-anuncio-vacio","status":"publish","type":"post","link":"https:\/\/www.visionweb.com.ar\/?p=11811","title":{"rendered":"Reintegro de IVA para jubilados: El anuncio vac\u00edo"},"content":{"rendered":"<p><em>\u00a0&#8211;<\/em><strong><em>Radiograf\u00eda de la realidad del sector m\u00e1s vulnerado de la sociedad: \u201cLos anuncios de Massa no llegan al corto plazo, caducan antes de que los haga\u201d.\u00a0<\/em><\/strong><em><strong>\u201cEl Reintegro de IVA para jubilados era de $15.000, y lo subieron solamente $3000\u201d.<\/strong><\/em><\/p>\n<p><!--more--><\/p>\n<p><strong> <img loading=\"lazy\" decoding=\"async\" class=\"size-medium wp-image-11814 alignright\" src=\"https:\/\/www.visionweb.com.ar\/wp-content\/uploads\/2023\/09\/dr.-semino-300x248.png\" alt=\"\" width=\"300\" height=\"248\" srcset=\"https:\/\/www.visionweb.com.ar\/wp-content\/uploads\/2023\/09\/dr.-semino-300x248.png 300w, https:\/\/www.visionweb.com.ar\/wp-content\/uploads\/2023\/09\/dr.-semino.png 486w\" sizes=\"auto, (max-width: 300px) 100vw, 300px\" \/><\/strong><\/p>\n<p><em><strong>Por el Dr. Eugenio Semino (*)<\/strong><\/em><\/p>\n<p><strong>L<\/strong>a <strong>desgracia del sistema previsional argentino<\/strong> puede resumirse en la siguiente idea: lo que empez\u00f3 como un <strong>intento por tapar agujeros con parches<\/strong> termin\u00f3 por convertirse en la pretensi\u00f3n de tapar el sol con la mano. Y la gesti\u00f3n de Sergio Massa en la cartera econ\u00f3mica est\u00e1 llevando ese proceso a su etapa final.<\/p>\n<p>Hace d\u00e9cadas que los jubilados vienen escuchando <strong>anuncios que son parches cada vez m\u00e1s insuficientes<\/strong>. Pero a medida que el combo de inflaci\u00f3n, ajuste y devaluaci\u00f3n se acelera, esos parches ya no solamente son insuficientes, sino que <strong>se vuelven rid\u00edculos<\/strong>.<\/p>\n<p>En el d\u00eda de ayer, por poner un ejemplo, se anunci\u00f3 el <strong>Reintegro de IVA para jubilados<\/strong> con un tope de $18.000. Pero lo que <strong>no se dijo es que el tope anterior era de $15.000<\/strong>, es decir que <strong>lo subieron solamente $3000<\/strong>, en un pa\u00eds que tuvo una inflaci\u00f3n de 12,4% el mes pasado.<\/p>\n<p>Sin contar que <strong>la Canasta del Jubilado con gastos de vivienda era al 31 de julio de $248.000, por lo cual con la inflaci\u00f3n de agosto estar\u00eda alrededor de $280.000<\/strong>, cuando la jubilaci\u00f3n m\u00ednima que perciben seis millones de jubilados es de $124.000.<\/p>\n<p>En semejante contexto, \u00bfqu\u00e9 sentido tiene salir a anunciar lo del reintegro del IVA? Ninguno. No hay <strong>nada para anunciar<\/strong>.<\/p>\n<p>Ya ni siquiera se puede hablar de medidas cortoplacistas que no solucionan los problemas de fondo.<strong> Los anuncios de Massa no llegan al corto plazo, caducan antes de que los haga<\/strong>.<\/p>\n<p>Pero esto no significa que los vaya a dejar de hacer. Por el contrario, es esperable que haya cada vez m\u00e1s <strong>anuncios ficticios<\/strong>, porque los gobernantes argentinos no saben hacer otra cosa que <strong>prometer o simular que prometen<\/strong>. Sus anuncios van quedando tan vac\u00edos como los bolsillos de quienes los escuchan. <strong>(VW)<\/strong><\/p>\n<p>(*) <strong><em>El Dr. Eugenio Semino es<\/em><\/strong>\u00a0<strong><em> Defensor de la Tercera Edad &#8211; Abogado &#8211; Pte. de la Sociedad Iberoamericana de Gerontolog\u00eda y Geriatr\u00eda (SIGG)<\/em><\/strong><\/p>\n<p>&nbsp;<\/p>\n","protected":false},"excerpt":{"rendered":"<p>\u00a0&#8211;Radiograf\u00eda de la realidad del sector m\u00e1s vulnerado de la sociedad: \u201cLos anuncios de Massa no llegan al corto plazo, caducan antes de que los haga\u201d.\u00a0\u201cEl Reintegro de IVA para jubilados era de $15.000,&#46;&#46;&#46;<\/p>\n","protected":false},"author":4,"featured_media":11814,"comment_status":"closed","ping_status":"closed","sticky":false,"template":"","format":"standard","meta":{"_monsterinsights_skip_tracking":false,"_monsterinsights_sitenote_active":false,"_monsterinsights_sitenote_note":"","_monsterinsights_sitenote_category":0,"footnotes":""},"categories":[6,5],"tags":[4825,2837,4921],"class_list":["post-11811","post","type-post","status-publish","format-standard","has-post-thumbnail","hentry","category-economia","category-sociedad","tag-anuncios-massa","tag-defensor-de-la-tercera-edad","tag-dr-eugenio-semino"],"_links":{"self":[{"href":"https:\/\/www.visionweb.com.ar\/index.php?rest_route=\/wp\/v2\/posts\/11811","targetHints":{"allow":["GET"]}}],"collection":[{"href":"https:\/\/www.visionweb.com.ar\/index.php?rest_route=\/wp\/v2\/posts"}],"about":[{"href":"https:\/\/www.visionweb.com.ar\/index.php?rest_route=\/wp\/v2\/types\/post"}],"author":[{"embeddable":true,"href":"https:\/\/www.visionweb.com.ar\/index.php?rest_route=\/wp\/v2\/users\/4"}],"replies":[{"embeddable":true,"href":"https:\/\/www.visionweb.com.ar\/index.php?rest_route=%2Fwp%2Fv2%2Fcomments&post=11811"}],"version-history":[{"count":4,"href":"https:\/\/www.visionweb.com.ar\/index.php?rest_route=\/wp\/v2\/posts\/11811\/revisions"}],"predecessor-version":[{"id":11817,"href":"https:\/\/www.visionweb.com.ar\/index.php?rest_route=\/wp\/v2\/posts\/11811\/revisions\/11817"}],"wp:featuredmedia":[{"embeddable":true,"href":"https:\/\/www.visionweb.com.ar\/index.php?rest_route=\/wp\/v2\/media\/11814"}],"wp:attachment":[{"href":"https:\/\/www.visionweb.com.ar\/index.php?rest_route=%2Fwp%2Fv2%2Fmedia&parent=11811"}],"wp:term":[{"taxonomy":"category","embeddable":true,"href":"https:\/\/www.visionweb.com.ar\/index.php?rest_route=%2Fwp%2Fv2%2Fcategories&post=11811"},{"taxonomy":"post_tag","embeddable":true,"href":"https:\/\/www.visionweb.com.ar\/index.php?rest_route=%2Fwp%2Fv2%2Ftags&post=11811"}],"curies":[{"name":"wp","href":"https:\/\/api.w.org\/{rel}","templated":true}]}}