{"id":11810,"date":"2023-09-14T13:25:16","date_gmt":"2023-09-14T16:25:16","guid":{"rendered":"https:\/\/www.visionweb.com.ar\/?p=11810"},"modified":"2023-09-14T13:25:16","modified_gmt":"2023-09-14T16:25:16","slug":"el-peronismo-bonaerense-pica-en-primera-para-encarar-las-elecciones-generales","status":"publish","type":"post","link":"https:\/\/www.visionweb.com.ar\/?p=11810","title":{"rendered":"El peronismo bonaerense pica en primera para encarar las elecciones generales"},"content":{"rendered":"<p><em><strong>El pejotismo bonaerense no oculta su preocupaci\u00f3n por el avance de los libertarios. Intendentes se comprometen a redoblar esfuerzos para recuperar terreno en el principal basti\u00f3n que definir las elecciones el 22 de octubre.<\/strong><\/em>\u00a0 \u00a0 <!--more--><\/p>\n<p><strong><img loading=\"lazy\" decoding=\"async\" class=\"size-medium wp-image-5005 alignright\" src=\"https:\/\/www.visionweb.com.ar\/wp-content\/uploads\/2022\/03\/PJ-provincia-de-Buenos-Aires-300x170.png\" alt=\"\" width=\"300\" height=\"170\" srcset=\"https:\/\/www.visionweb.com.ar\/wp-content\/uploads\/2022\/03\/PJ-provincia-de-Buenos-Aires-300x170.png 300w, https:\/\/www.visionweb.com.ar\/wp-content\/uploads\/2022\/03\/PJ-provincia-de-Buenos-Aires.png 640w\" sizes=\"auto, (max-width: 300px) 100vw, 300px\" \/>L<\/strong>uego del simbronazo que produjo el efecto Milei, en las elecciones primaria s el PJ provincial resolvi\u00f3 ayer blindar sus territorios y le pidi\u00f3 a los intendentes fortalecer las acciones para recuperar votos.<\/p>\n<p>El ese sentido, peronismo bonaerense comenz\u00f3 a redise\u00f1ar en clave pol\u00edtica su estrategia de campa\u00f1a luego del cimbronazo que despert\u00f3 el resultado electoral de Javier Milei.<\/p>\n<p>En ese marco, las autoridades del PJ bonaerense encabezadas por <strong>M\u00e1ximo Kirchner<\/strong>\u00a0convocaron este mi\u00e9rcoles a una reuni\u00f3n plenaria del Consejo partidario en la sede de La Plata.<\/p>\n<p>All\u00ed, dirigentes provinciales, intendentes y legisladores debatieron sobre el escenario electoral y comenzaron a trazar algunas l\u00edneas de acci\u00f3n de cara a octubre.<\/p>\n<p>En un clima de debate, el l\u00edder de La C\u00e1mpora, M\u00e1ximo Kirchner,\u00a0 hizo un llamado a la militancia para aumentar la diferencia en votos de Axel Kicillof en la provincia, a priori el \u00fanico h\u00e9reo en el l\u00edo de las primarias, y desde all\u00ed catapultar a Sergio Massa para desplazar a Patricia Bullrich del segundo lugar y meterse en el balotaje con los libertarios en el mes de noviembre.<\/p>\n<p>\u201cLa provincia la vamos a ganar bien el 22 de octubre, y esto va a ser fundamental para que Sergio y nuestra fuerza ingresen en el balotaje a nivel nacional. Estamos convencidos y trabajando para garantizar un mejor resultado en Buenos Aires\u00bb afirm\u00f3 Kirchner, al t\u00e9rmino del plenario.<\/p>\n<p>Durante el plenario, los y las dirigentes del peronismo bonaerenses intercambiaron ideas, aunque coincidieron en caracterizar al escenario electoral como \u201ccomplejo\u00bb pero en el que \u00abhay posibilidades\u201d de conseguir una remontada a nivel nacional.<\/p>\n<p>En ese sentido, los referentes <strong>M\u00e1ximo Kirchner\u00a0<\/strong>y<strong> Andr\u00e9s \u00abCuervo\u00bb Larroque<\/strong>\u00a0remarcaron la necesidad de trabajar \u00aben aquellos lugares de la provincia en los que hist\u00f3ricamente nos fue mejor\u00bb para recuperar peso electoral.<\/p>\n<p>Si bien hubo coincidencias con el an\u00e1lisis de los referentes, los intendentes expresaron sus reclamos. \u201cHagamos lo que tenemos que hacer para ganar, pero despu\u00e9s hagamos lo que nos comprometemos a hacer porque los intendentes tenemos que poner la carita al otro d\u00eda\u201d advirti\u00f3 uno de los jefes comunales, que prefiri\u00f3 mantener el anonimato.<\/p>\n<p>\u201cLos intendentes decimos que los sueldos municipales son muy bajos. El impuesto a la ganancia es bueno pero no llega a la gran masa de los trabajadores\u201d explic\u00f3 uno de los Jefes Comunales.<\/p>\n<p>Pese a estos cuestionamientos, en los distritos comienzan a convencerse que la estrategia de blindar sus territorios no ser\u00e1 suficiente y emergen en el horizonte los efectos dram\u00e1ticos para el peronismo ante un eventual triunfo de Javier Milei<strong>(VW)<\/strong>.<\/p>\n<p><em><strong>Con datos propios\u00a0 y de Infocielo.<\/strong><\/em><\/p>\n<p>&nbsp;<\/p>\n","protected":false},"excerpt":{"rendered":"<p>El pejotismo bonaerense no oculta su preocupaci\u00f3n por el avance de los libertarios. Intendentes se comprometen a redoblar esfuerzos para recuperar terreno en el principal basti\u00f3n que definir las elecciones el 22 de octubre.\u00a0&#46;&#46;&#46;<\/p>\n","protected":false},"author":3,"featured_media":5005,"comment_status":"closed","ping_status":"closed","sticky":false,"template":"","format":"standard","meta":{"_monsterinsights_skip_tracking":false,"_monsterinsights_sitenote_active":false,"_monsterinsights_sitenote_note":"","_monsterinsights_sitenote_category":0,"footnotes":""},"categories":[4],"tags":[340,264,1349,4922],"class_list":["post-11810","post","type-post","status-publish","format-standard","has-post-thumbnail","hentry","category-politica","tag-elecciones","tag-intendentes","tag-kirchner","tag-larfroque"],"_links":{"self":[{"href":"https:\/\/www.visionweb.com.ar\/index.php?rest_route=\/wp\/v2\/posts\/11810","targetHints":{"allow":["GET"]}}],"collection":[{"href":"https:\/\/www.visionweb.com.ar\/index.php?rest_route=\/wp\/v2\/posts"}],"about":[{"href":"https:\/\/www.visionweb.com.ar\/index.php?rest_route=\/wp\/v2\/types\/post"}],"author":[{"embeddable":true,"href":"https:\/\/www.visionweb.com.ar\/index.php?rest_route=\/wp\/v2\/users\/3"}],"replies":[{"embeddable":true,"href":"https:\/\/www.visionweb.com.ar\/index.php?rest_route=%2Fwp%2Fv2%2Fcomments&post=11810"}],"version-history":[{"count":1,"href":"https:\/\/www.visionweb.com.ar\/index.php?rest_route=\/wp\/v2\/posts\/11810\/revisions"}],"predecessor-version":[{"id":11818,"href":"https:\/\/www.visionweb.com.ar\/index.php?rest_route=\/wp\/v2\/posts\/11810\/revisions\/11818"}],"wp:featuredmedia":[{"embeddable":true,"href":"https:\/\/www.visionweb.com.ar\/index.php?rest_route=\/wp\/v2\/media\/5005"}],"wp:attachment":[{"href":"https:\/\/www.visionweb.com.ar\/index.php?rest_route=%2Fwp%2Fv2%2Fmedia&parent=11810"}],"wp:term":[{"taxonomy":"category","embeddable":true,"href":"https:\/\/www.visionweb.com.ar\/index.php?rest_route=%2Fwp%2Fv2%2Fcategories&post=11810"},{"taxonomy":"post_tag","embeddable":true,"href":"https:\/\/www.visionweb.com.ar\/index.php?rest_route=%2Fwp%2Fv2%2Ftags&post=11810"}],"curies":[{"name":"wp","href":"https:\/\/api.w.org\/{rel}","templated":true}]}}