{"id":11800,"date":"2023-09-14T11:26:07","date_gmt":"2023-09-14T14:26:07","guid":{"rendered":"https:\/\/www.visionweb.com.ar\/?p=11800"},"modified":"2023-09-14T11:26:07","modified_gmt":"2023-09-14T14:26:07","slug":"ganancias-piden-que-incluyan-a-los-medicos-autonomos","status":"publish","type":"post","link":"https:\/\/www.visionweb.com.ar\/?p=11800","title":{"rendered":"Ganancias: Piden que incluyan a los m\u00e9dicos aut\u00f3nomos"},"content":{"rendered":"<p><strong><em>La Federaci\u00f3n M\u00e9dica de la provincia de Buenos Aires difundi\u00f3 un comunicado en el que indica que el sector sufre \u201cuna brutal presi\u00f3n impositiva\u201d.<\/em> \u201c<em>Femeba, peticiona ante las autoridades nacionales, la incorporaci\u00f3n de nuestros m\u00e9dicos a las nuevas medidas fiscales<\/em><em>\u201d.<\/em><\/strong><!--more--><\/p>\n<p><strong><img loading=\"lazy\" decoding=\"async\" class=\"size-medium wp-image-11801 alignright\" src=\"https:\/\/www.visionweb.com.ar\/wp-content\/uploads\/2023\/09\/a-femeba-300x156.png\" alt=\"\" width=\"300\" height=\"156\" srcset=\"https:\/\/www.visionweb.com.ar\/wp-content\/uploads\/2023\/09\/a-femeba-300x156.png 300w, https:\/\/www.visionweb.com.ar\/wp-content\/uploads\/2023\/09\/a-femeba.png 417w\" sizes=\"auto, (max-width: 300px) 100vw, 300px\" \/>\u00a0\u00a0 L<\/strong>a Federaci\u00f3n M\u00e9dica de la provincia de Buenos Aires (<strong>Femeba<\/strong>) pidi\u00f3 que los trabajadores m\u00e9dicos aut\u00f3nomos sean incluidos en la reducci\u00f3n del Impuesto a las Ganancias, tras la medida anunciada para trabajadores en relaci\u00f3n de dependencia y jubilados.<\/p>\n<p>A trav\u00e9s de un comunicado difundido el mi\u00e9rcoles, los m\u00e9dicos de Femeba, reclamaron que: \u201cLos trabajadores m\u00e9dicos aut\u00f3nomos deber\u00edamos ser incluidos dentro de las medidas de reducci\u00f3n del impuesto a las ganancias, ya que actualmente sufrimos una brutal presi\u00f3n impositiva\u201d.<\/p>\n<p>Y a\u00f1adieron: \u201cAnte esta situaci\u00f3n discriminatoria, incluso expulsiva de nuestro fr\u00e1gil sistema de salud<strong>, Femeba, peticiona ante las autoridades nacionales, la incorporaci\u00f3n de nuestros m\u00e9dicos a las nuevas medidas fiscales<\/strong>\u201d.<\/p>\n<p>Vale recordar que el Gobierno nacional emiti\u00f3 un decreto para subir a partir del 1 de octubre pr\u00f3ximo el m\u00ednimo no imponible a 15 salarios m\u00ednimos, vitales y m\u00f3viles mensuales para trabajadores en relaci\u00f3n de dependencia y jubilados.<\/p>\n<p>Seg\u00fan c\u00e1lculos del Gobierno, la medida beneficiar\u00eda a unos 800.000 empleados, cuyo proyecto de ley ingres\u00f3 al Congreso con las modificatorias del Impuesto a las Ganancias.\u00a0<strong>(VW)<\/strong><\/p>\n","protected":false},"excerpt":{"rendered":"<p>La Federaci\u00f3n M\u00e9dica de la provincia de Buenos Aires difundi\u00f3 un comunicado en el que indica que el sector sufre \u201cuna brutal presi\u00f3n impositiva\u201d. \u201cFemeba, peticiona ante las autoridades nacionales, la incorporaci\u00f3n de nuestros&#46;&#46;&#46;<\/p>\n","protected":false},"author":4,"featured_media":11801,"comment_status":"closed","ping_status":"closed","sticky":false,"template":"","format":"standard","meta":{"_monsterinsights_skip_tracking":false,"_monsterinsights_sitenote_active":false,"_monsterinsights_sitenote_note":"","_monsterinsights_sitenote_category":0,"footnotes":""},"categories":[6,5],"tags":[4605,4920,4919],"class_list":["post-11800","post","type-post","status-publish","format-standard","has-post-thumbnail","hentry","category-economia","category-sociedad","tag-femeba","tag-medicos-autonomos","tag-proyecto-ganancias"],"_links":{"self":[{"href":"https:\/\/www.visionweb.com.ar\/index.php?rest_route=\/wp\/v2\/posts\/11800","targetHints":{"allow":["GET"]}}],"collection":[{"href":"https:\/\/www.visionweb.com.ar\/index.php?rest_route=\/wp\/v2\/posts"}],"about":[{"href":"https:\/\/www.visionweb.com.ar\/index.php?rest_route=\/wp\/v2\/types\/post"}],"author":[{"embeddable":true,"href":"https:\/\/www.visionweb.com.ar\/index.php?rest_route=\/wp\/v2\/users\/4"}],"replies":[{"embeddable":true,"href":"https:\/\/www.visionweb.com.ar\/index.php?rest_route=%2Fwp%2Fv2%2Fcomments&post=11800"}],"version-history":[{"count":1,"href":"https:\/\/www.visionweb.com.ar\/index.php?rest_route=\/wp\/v2\/posts\/11800\/revisions"}],"predecessor-version":[{"id":11802,"href":"https:\/\/www.visionweb.com.ar\/index.php?rest_route=\/wp\/v2\/posts\/11800\/revisions\/11802"}],"wp:featuredmedia":[{"embeddable":true,"href":"https:\/\/www.visionweb.com.ar\/index.php?rest_route=\/wp\/v2\/media\/11801"}],"wp:attachment":[{"href":"https:\/\/www.visionweb.com.ar\/index.php?rest_route=%2Fwp%2Fv2%2Fmedia&parent=11800"}],"wp:term":[{"taxonomy":"category","embeddable":true,"href":"https:\/\/www.visionweb.com.ar\/index.php?rest_route=%2Fwp%2Fv2%2Fcategories&post=11800"},{"taxonomy":"post_tag","embeddable":true,"href":"https:\/\/www.visionweb.com.ar\/index.php?rest_route=%2Fwp%2Fv2%2Ftags&post=11800"}],"curies":[{"name":"wp","href":"https:\/\/api.w.org\/{rel}","templated":true}]}}