{"id":11792,"date":"2023-09-14T09:04:12","date_gmt":"2023-09-14T12:04:12","guid":{"rendered":"https:\/\/www.visionweb.com.ar\/?p=11792"},"modified":"2023-09-14T11:29:16","modified_gmt":"2023-09-14T14:29:16","slug":"plan-platita-se-conocieron-precisiones-sobre-los-anuncios-del-ministro-massa","status":"publish","type":"post","link":"https:\/\/www.visionweb.com.ar\/?p=11792","title":{"rendered":"Plan platita: Se conocieron precisiones sobre los anuncios del ministro Massa"},"content":{"rendered":"<p class=\"entry-title\"><em><strong>El programa devolver\u00e1 el 21% del gasto con tarjeta de d\u00e9bito en productos de la Canasta B\u00e1sica.\u00a0El IVA se devolver\u00e1 a las 48 horas de realizada la compra con un tope de hasta $18.800 a lo largo del mes. Los beneficiados de la medida.<\/strong><\/em><!--more--><\/p>\n<p><strong><img loading=\"lazy\" decoding=\"async\" class=\"size-medium wp-image-11477 alignright\" src=\"https:\/\/www.visionweb.com.ar\/wp-content\/uploads\/2023\/08\/a-massa-300x183.png\" alt=\"\" width=\"300\" height=\"183\" srcset=\"https:\/\/www.visionweb.com.ar\/wp-content\/uploads\/2023\/08\/a-massa-300x183.png 300w, https:\/\/www.visionweb.com.ar\/wp-content\/uploads\/2023\/08\/a-massa.png 498w\" sizes=\"auto, (max-width: 300px) 100vw, 300px\" \/>C<\/strong>on el objetivo de mejorar la capacidad adquisitiva de los sectores de la poblaci\u00f3n de menores ingresos como los jubilados que cobran la m\u00ednima o la AUH, el gobierno lanz\u00f3 ayer una serie de medidas que apuntan a producir un alivio fiscal.<\/p>\n<p>En ese sentido habr\u00e1 un alivio fiscal de distintos sectores de la econom\u00eda, tras conocerse el el Indice del Precios al Consumidor que alcanz\u00f3 al 12,4% de inflaci\u00f3n agosto.<\/p>\n<p>Al respecto, el ministro de Econom\u00eda, Sergio Massa, anunci\u00f3 este martes, desde LA Rioja,\u00a0 la implementaci\u00f3n <strong>del programa Compre sin IVA,<\/strong> que beneficiar\u00e1 a trabajadores, jubilados y monotributistas.<\/p>\n<p>El periodo en el que regir\u00e1n estos beneficios comprende a los meses septiembre, octubre, noviembre y diciembre, mes en el que se producir\u00e1 el cambio de autoridades.<\/p>\n<p>\u201cHemos dispuesto un programa de devoluci\u00f3n del IVA, del 21% del IVA, del total de la canasta b\u00e1sica de Argentina para los 9 millones de trabajadores y trabajadoras que en la Argentina cobran salarios de hasta $708.000\u201d, expres\u00f3 Sergio Massa, consign\u00f3 la Agencia DIB.<\/p>\n<p>\u201cContinuamos con la devoluci\u00f3n a los 7 millones de jubilados y pensionados del Sistema de Seguridad Social de la Rep\u00fablica Argentina. Hemos incorporado, adem\u00e1s, al beneficio a los 2,3 millones de monotributistas que no tienen otro ingreso, es decir, que son monotributistas puros, no importa la categor\u00eda de su aporte, tambi\u00e9n a este beneficio. Y hemos, adem\u00e1s, consolidado a la Asignaci\u00f3n Universal por Hijo como parte de los beneficiarios de este programa. Asimismo, las 440 mil trabajadoras y trabajadores de casas particulares tambi\u00e9n van a estar incluidos en este beneficio\u201d, apunt\u00f3 el ministro, en un breve mensaje en vivo divulgado este mi\u00e9rcoles, pasadas las 19.30.<\/p>\n<p>Para la implementaci\u00f3n del programa, Massa instruy\u00f3 a la Administraci\u00f3n Federal de Ingresos P\u00fablicos (AFIP) \u201cpara que establezca de manera sist\u00e9mica y autom\u00e1tica por resoluci\u00f3n un beneficio para que alcanzar\u00e1 a millones de argentinos\u201d.<\/p>\n<p>\u201cNo vamos a esperar a la nueva ley, vamos a implementar, con las facultades delegadas que actualmente tiene el Gobierno, la ampliaci\u00f3n de los beneficios a partir de este mes con el tope actual de $18.000 a los monotributistas y a los empleados en relaci\u00f3n de dependencia y de casa particular\u201d, puntualiz\u00f3. La devoluci\u00f3n se realizar\u00e1 a las 48 horas de realizada la compra, a lo largo del mes.<\/p>\n<p><img loading=\"lazy\" decoding=\"async\" class=\"size-medium wp-image-10199 alignleft\" src=\"https:\/\/www.visionweb.com.ar\/wp-content\/uploads\/2023\/04\/CANASTA-DE-VERDURAS-300x186.png\" alt=\"\" width=\"300\" height=\"186\" srcset=\"https:\/\/www.visionweb.com.ar\/wp-content\/uploads\/2023\/04\/CANASTA-DE-VERDURAS-300x186.png 300w, https:\/\/www.visionweb.com.ar\/wp-content\/uploads\/2023\/04\/CANASTA-DE-VERDURAS.png 640w\" sizes=\"auto, (max-width: 300px) 100vw, 300px\" \/>A qui\u00e9nes alcanza el programa Compre sin IVA:<\/p>\n<p>\u2013 Jubilados y Pensionados: 7 millones.<\/p>\n<p>\u2013 Asignacion Universal por hijo (AUH): 2,5 millones.<\/p>\n<p>\u2013 Monotributistas de todas las categor\u00edas (s\u00f3lo los puros, es decir los que no<\/p>\n<p>tienen otros ingresos): 2,7 millones.<\/p>\n<p>\u2013 Empleados en relaci\u00f3n de dependencia con ingresos de hasta 6 SMVM (hoy en $ 118.000): 9 millones (son los que no fueron beneficiados por la suba del m\u00ednimo no imponible en el impuesto a las ganancias).<\/p>\n<p>\u2013 Trabajadores del R\u00e9gimen del Personal de Casas Particulares: 440 mil.<\/p>\n<p>Massa sostuvo adem\u00e1s que\u00a0<strong>enviar\u00e1 al Congreso de la Naci\u00f3n un proyecto de ley para eliminar el IVA\u00a0<\/strong>sobre los productos de la Canasta B\u00e1sica Alimentaria, en la l\u00ednea del programa.<\/p>\n<p>El proyecto que ser\u00e1 enviado al Congreso plantea una devoluci\u00f3n de hasta un 21% del monto de las operaciones de compra, pero con un tope equivalente al 21% del valor de la Canasta B\u00e1sica Alimentaria (CBA) para 4 integrantes. A precios de hoy, da un reintegro de $ 23.000 mensuales por beneficiario.<\/p>\n<h2 class=\"wp-block-heading\">Cr\u00e9ditos<\/h2>\n<p>El ministro de Econom\u00eda, Sergio Massa, apunt\u00f3 adem\u00e1s que \u201ca partir del lunes\u201d estar\u00e1 disponible la l\u00ednea de cr\u00e9ditos de hasta $ 400.000 y con una tasa del 50% para usar en consumos con tarjeta de cr\u00e9dito, destinada a trabajadores en relaci\u00f3n de dependencia y a devolver en 24, 36 y 48 cuotas.<\/p>\n<p>El mecanismo de solicitud estar\u00e1 a cargo de la Administraci\u00f3n Nacional de la Seguridad Social (Anses), cuya directora ejecutiva, Fernanda Raverta, detallar\u00e1 ma\u00f1ana c\u00f3mo ser\u00e1 el proceso. De todas formas, Massa adelant\u00f3 que el tr\u00e1mite ser\u00e1 \u201cde manera virtual\u201d.<\/p>\n<p>\u201cA partir del d\u00eda lunes van a tener disponible el programa de cr\u00e9ditos de hasta 400.000 pesos a devolver en 24, 36 y 48 meses con cuota fija y tasa del 50%. Y en el d\u00eda de ma\u00f1ana, la directora de Anses les va a contar los detalles, pero el cr\u00e9dito se tramita en la tarjeta de cr\u00e9dito y de manera virtual\u201d, asegur\u00f3 Massa.<\/p>\n<p>El dinero de los cr\u00e9ditos se depositar\u00e1 directamente en la tarjeta de cr\u00e9dito de la persona que lo haya solicitado, la que deber\u00e1 estar asociada a la cuenta bancaria en la que percibe el sueldo.<\/p>\n<p>Seg\u00fan establece el Decreto 463\/2023, que reglament\u00f3 el sistema de cr\u00e9ditos, tendr\u00e1n un monto m\u00e1ximo de $ 400.000 -siempre que la relaci\u00f3n entre el pago de la cuota no supere el 20% del salario mensual- y una Tasa Nominal Anual (TNA) subsidiada del 50%, con tres meses de gracia y un plazo de devoluci\u00f3n de 24, 36 o 48 cuotas.<\/p>\n<p>La nueva l\u00ednea estar\u00e1 financiada con recursos de la Anses a trav\u00e9s del Fondo de Garant\u00eda de Sustentabilidad (FGS) que, de acuerdo con la normativa que regula su funcionamiento, prev\u00e9 el otorgamiento de financiamiento a los beneficiarios del sistema previsional, por hasta un 20% de los activos totales del fondo. El financiamiento total ser\u00e1 de $ 450.000 millones, aunque podr\u00e1 ampliarse posteriormente por parte del Poder Ejecutivo.<\/p>\n<p>Como requisito, los trabajadores deber\u00e1n encontrarse en relaci\u00f3n de dependencia, tener salarios brutos menores a los $ 708.000, residir de manera permanente en el pa\u00eds y poseer una antig\u00fcedad no inferior a seis meses continuos bajo el mismo empleador.<\/p>\n<p>Asimismo, no podr\u00e1n superar la edad de jubilaci\u00f3n para la fecha de finalizaci\u00f3n del pago del cr\u00e9dito, ni ser beneficiarios de una l\u00ednea de cr\u00e9dito Anses vigente o encuadrarse dentro de la categor\u00eda \u201csituaci\u00f3n 2\u201d en el registro de deudores del Banco Central (BCRA).<\/p>\n<p>El decreto aclara que, mientras est\u00e9n devolviendo el cr\u00e9dito, los solicitantes no podr\u00e1n acceder al mercado de cambios para comprar divisas, lo cual ser\u00e1 complementado por normas aclaratorias de otros organismos como el Banco Central.<\/p>\n<p><strong>Refuerzo alimentario de PAMI<\/strong><\/p>\n<p>El ministro Sergio Massa dijo asimismo que se ampliar\u00e1 a 2.967.000 el programa de beneficiarios de refuerzo alimentario de PAMI y que, adem\u00e1s, se decidi\u00f3 \u201campliar el monto en el mes de septiembre, octubre y noviembre a 15.000 pesos por mes\u201d, que funcionar\u00e1n de manera autom\u00e1tica y sin tener que hacer ning\u00fan tr\u00e1mite. (<strong>VW<\/strong>)<\/p>\n<div class=\"td-module-meta-info\">Fuente: Agencia DIB<\/div>\n","protected":false},"excerpt":{"rendered":"<p>El programa devolver\u00e1 el 21% del gasto con tarjeta de d\u00e9bito en productos de la Canasta B\u00e1sica.\u00a0El IVA se devolver\u00e1 a las 48 horas de realizada la compra con un tope de hasta $18.800&#46;&#46;&#46;<\/p>\n","protected":false},"author":3,"featured_media":11477,"comment_status":"closed","ping_status":"closed","sticky":false,"template":"","format":"standard","meta":{"_monsterinsights_skip_tracking":false,"_monsterinsights_sitenote_active":false,"_monsterinsights_sitenote_note":"","_monsterinsights_sitenote_category":0,"footnotes":""},"categories":[6,8],"tags":[1509,4914,47],"class_list":["post-11792","post","type-post","status-publish","format-standard","has-post-thumbnail","hentry","category-economia","category-interes-general","tag-canasta-basica","tag-iva","tag-precios"],"_links":{"self":[{"href":"https:\/\/www.visionweb.com.ar\/index.php?rest_route=\/wp\/v2\/posts\/11792","targetHints":{"allow":["GET"]}}],"collection":[{"href":"https:\/\/www.visionweb.com.ar\/index.php?rest_route=\/wp\/v2\/posts"}],"about":[{"href":"https:\/\/www.visionweb.com.ar\/index.php?rest_route=\/wp\/v2\/types\/post"}],"author":[{"embeddable":true,"href":"https:\/\/www.visionweb.com.ar\/index.php?rest_route=\/wp\/v2\/users\/3"}],"replies":[{"embeddable":true,"href":"https:\/\/www.visionweb.com.ar\/index.php?rest_route=%2Fwp%2Fv2%2Fcomments&post=11792"}],"version-history":[{"count":4,"href":"https:\/\/www.visionweb.com.ar\/index.php?rest_route=\/wp\/v2\/posts\/11792\/revisions"}],"predecessor-version":[{"id":11805,"href":"https:\/\/www.visionweb.com.ar\/index.php?rest_route=\/wp\/v2\/posts\/11792\/revisions\/11805"}],"wp:featuredmedia":[{"embeddable":true,"href":"https:\/\/www.visionweb.com.ar\/index.php?rest_route=\/wp\/v2\/media\/11477"}],"wp:attachment":[{"href":"https:\/\/www.visionweb.com.ar\/index.php?rest_route=%2Fwp%2Fv2%2Fmedia&parent=11792"}],"wp:term":[{"taxonomy":"category","embeddable":true,"href":"https:\/\/www.visionweb.com.ar\/index.php?rest_route=%2Fwp%2Fv2%2Fcategories&post=11792"},{"taxonomy":"post_tag","embeddable":true,"href":"https:\/\/www.visionweb.com.ar\/index.php?rest_route=%2Fwp%2Fv2%2Ftags&post=11792"}],"curies":[{"name":"wp","href":"https:\/\/api.w.org\/{rel}","templated":true}]}}