{"id":11786,"date":"2023-09-13T12:16:56","date_gmt":"2023-09-13T15:16:56","guid":{"rendered":"https:\/\/www.visionweb.com.ar\/?p=11786"},"modified":"2023-09-13T12:16:56","modified_gmt":"2023-09-13T15:16:56","slug":"ganacias-el-oficialismo-quiere-tratar-el-proyecto-de-ley-esta-semana","status":"publish","type":"post","link":"https:\/\/www.visionweb.com.ar\/?p=11786","title":{"rendered":"Ganacias: El oficialismo quiere tratar el proyecto de ley esta semana"},"content":{"rendered":"<p><em><strong>Fuentes parlamentarias de Juntos por el Cambio (JxC) anticiparon que esa bancada resolver\u00e1 en las pr\u00f3ximas horas su postura, ya que admiten que la medida \u201cbeneficia\u201d a buena parte de su electorado.<\/strong><\/em><!--more--><\/p>\n<p><img loading=\"lazy\" decoding=\"async\" class=\"size-full wp-image-1797 alignright\" src=\"https:\/\/www.visionweb.com.ar\/wp-content\/uploads\/2021\/06\/congreso.bmp\" alt=\"\" width=\"443\" height=\"304\" \/>El oficialismo aspira a comenzar a debatir esta semana el proyecto del Poder Ejecutivo enviado por el ministro de Econom\u00eda, Sergio Massa, para modificar el impuesto a las Ganancias para trabajadores y jubilados, que ingres\u00f3 esta ma\u00f1ana a la C\u00e1mara de Diputados.<\/p>\n<p>La intenci\u00f3n del oficialismo es empezar a debatir ma\u00f1ana mismo el proyecto en un plenario de comisiones de la c\u00e1mara baja, con la presencia de funcionarios, y llevarlo al recinto el martes o mi\u00e9rcoles de la semana pr\u00f3xima, en una sesi\u00f3n especial.<\/p>\n<p>\u201cNosotros en el 2019 empezamos un recorrer un camino de disminuci\u00f3n y llegamos a este momento en el que menos de 800 mil trabajadores est\u00e1n pagando el impuesto a las Ganancias. con este proyecto enviado a la C\u00e1mara de Diputados, lo que se busca es marcar el sendero claro\u201d, consign\u00f3 el Ministro<\/p>\n<p>Si bien la oposici\u00f3n hab\u00eda respaldado en principio la medida, tras el anuncio de Massa, los principales dirigentes de Juntos por el Cambio calificaron el proyecto de \u201celectoralista\u201d, y a\u00fan no definieron qu\u00e9 actitud adoptar\u00e1n en el \u00e1mbito legislativo.<\/p>\n<p>Fuentes parlamentarias de Juntos por el Cambio (JxC) anticiparon que esa bancada resolver\u00e1 en las pr\u00f3ximas horas su postura, ya que admiten que la medida \u201cbeneficia\u201d a buena parte de su electorado y, en plena campa\u00f1a de cara a las elecciones generales del 22 de octubre, no ser\u00eda conveniente ir en contra de ese sector.<\/p>\n<p>El propio presidente del bloque de diputados del PRO, Cristian Ritondo, hab\u00eda puesto en duda la posibilidad de que la iniciativa fuera enviada al Congreso y desafi\u00f3: \u201cMand\u00e1 la ley que la votamos\u201d.<\/p>\n<p>Se trata de un reclamo de la oposici\u00f3n y una promesa del propio expresidente Mauricio Macri que en septiembre de 2015, en plena campa\u00f1a, hab\u00eda anunciado y que luego incumpli\u00f3: \u201cEn mi Gobierno, los trabajadores no van a pagar Ganancias\u201d(VW).<\/p>\n<p><strong>Fuente: Inforegi\u00f3n<\/strong><\/p>\n<p>&nbsp;<\/p>\n","protected":false},"excerpt":{"rendered":"<p>Fuentes parlamentarias de Juntos por el Cambio (JxC) anticiparon que esa bancada resolver\u00e1 en las pr\u00f3ximas horas su postura, ya que admiten que la medida \u201cbeneficia\u201d a buena parte de su electorado.<\/p>\n","protected":false},"author":3,"featured_media":1797,"comment_status":"closed","ping_status":"closed","sticky":false,"template":"","format":"standard","meta":{"_monsterinsights_skip_tracking":false,"_monsterinsights_sitenote_active":false,"_monsterinsights_sitenote_note":"","_monsterinsights_sitenote_category":0,"footnotes":""},"categories":[4],"tags":[1531,485,4913,4367],"class_list":["post-11786","post","type-post","status-publish","format-standard","has-post-thumbnail","hentry","category-politica","tag-comisiones","tag-congreso","tag-ganacias","tag-tratamiento"],"_links":{"self":[{"href":"https:\/\/www.visionweb.com.ar\/index.php?rest_route=\/wp\/v2\/posts\/11786","targetHints":{"allow":["GET"]}}],"collection":[{"href":"https:\/\/www.visionweb.com.ar\/index.php?rest_route=\/wp\/v2\/posts"}],"about":[{"href":"https:\/\/www.visionweb.com.ar\/index.php?rest_route=\/wp\/v2\/types\/post"}],"author":[{"embeddable":true,"href":"https:\/\/www.visionweb.com.ar\/index.php?rest_route=\/wp\/v2\/users\/3"}],"replies":[{"embeddable":true,"href":"https:\/\/www.visionweb.com.ar\/index.php?rest_route=%2Fwp%2Fv2%2Fcomments&post=11786"}],"version-history":[{"count":1,"href":"https:\/\/www.visionweb.com.ar\/index.php?rest_route=\/wp\/v2\/posts\/11786\/revisions"}],"predecessor-version":[{"id":11787,"href":"https:\/\/www.visionweb.com.ar\/index.php?rest_route=\/wp\/v2\/posts\/11786\/revisions\/11787"}],"wp:featuredmedia":[{"embeddable":true,"href":"https:\/\/www.visionweb.com.ar\/index.php?rest_route=\/wp\/v2\/media\/1797"}],"wp:attachment":[{"href":"https:\/\/www.visionweb.com.ar\/index.php?rest_route=%2Fwp%2Fv2%2Fmedia&parent=11786"}],"wp:term":[{"taxonomy":"category","embeddable":true,"href":"https:\/\/www.visionweb.com.ar\/index.php?rest_route=%2Fwp%2Fv2%2Fcategories&post=11786"},{"taxonomy":"post_tag","embeddable":true,"href":"https:\/\/www.visionweb.com.ar\/index.php?rest_route=%2Fwp%2Fv2%2Ftags&post=11786"}],"curies":[{"name":"wp","href":"https:\/\/api.w.org\/{rel}","templated":true}]}}