{"id":11774,"date":"2023-09-12T13:57:29","date_gmt":"2023-09-12T16:57:29","guid":{"rendered":"https:\/\/www.visionweb.com.ar\/?p=11774"},"modified":"2023-09-12T13:57:29","modified_gmt":"2023-09-12T16:57:29","slug":"discapacidad-tratan-en-diputados-la-obligatoriedad-de-un-proyecto-de-capacitacion-para-empleados-publicos","status":"publish","type":"post","link":"https:\/\/www.visionweb.com.ar\/?p=11774","title":{"rendered":"Discapacidad: Tratan en Diputados la obligatoriedad de un proyecto de capacitaci\u00f3n para empleados p\u00fablicos"},"content":{"rendered":"<p><em><strong>Se unificaron varios proyectos para la formaci\u00f3n sensible y obligatoria en la administraci\u00f3n p\u00fablica sobre el trato adecuado a personas con discapacidad.<\/strong><\/em><!--more--><\/p>\n<p><img loading=\"lazy\" decoding=\"async\" class=\"size-medium wp-image-11775 alignright\" src=\"https:\/\/www.visionweb.com.ar\/wp-content\/uploads\/2023\/09\/a-diput-300x147.png\" alt=\"\" width=\"300\" height=\"147\" srcset=\"https:\/\/www.visionweb.com.ar\/wp-content\/uploads\/2023\/09\/a-diput-300x147.png 300w, https:\/\/www.visionweb.com.ar\/wp-content\/uploads\/2023\/09\/a-diput.png 497w\" sizes=\"auto, (max-width: 300px) 100vw, 300px\" \/>\u00a0\u00a0 <strong>E<\/strong>l proyecto de capacitaci\u00f3n y formaci\u00f3n obligatoria en discapacidad, que fue respaldado por la comisi\u00f3n tem\u00e1tica de la C\u00e1mara de Diputados de la Naci\u00f3n, promueve la creaci\u00f3n del\u00a0<strong>Programa Argentina Inclusiva.<\/strong><\/p>\n<p>\u201cTodos los agentes del Estado necesitamos estar capacitados, saber y conocer sobre discapacidad\u201d, asegur\u00f3 la diputada\u00a0<strong>Natalia de la Sota de C\u00f3rdoba Federal, autora de uno de los proyectos que han sido unificados.<\/strong><\/p>\n<p>En ese sentido, la diputada del Frente de Todos Graciela Caselles remarc\u00f3 la importancia de esta norma al destacar que \u201ces\u00a0<strong>una Ley pensada a futuro para que aquellos que tomen decisiones sea con perspectiva de discapacidad<\/strong>\u201d.<\/p>\n<p>La diputada Natalia Sarapura (UCR) asever\u00f3 que \u201choy el desaf\u00edo es la inclusi\u00f3n\u201d, al se\u00f1alar que \u201cen la actualidad es una tarea pendiente\u201d.\u00a0<strong>\u201cLa importancia de la norma radica en asumir las responsabilidades de un trato responsable sujeto a derecho\u201d,\u00a0<\/strong>asegur\u00f3.<\/p>\n<p>Por otra parte,\u00a0<strong>se aprob\u00f3 el proyecto perteneciente a la diputada de Evoluci\u00f3n radical Carla Carrizo que establece la creaci\u00f3n del Programa de reconocimiento a las Empresas que incluyen pr\u00e1cticas de equidad laboral para personas con discapacidad,\u00a0<\/strong>Sello nacional de Equidad Laboral.<\/p>\n<p>Seg\u00fan los fundamentos de la norma, \u201cse procura brindar\u00a0<strong>una respuesta ante una de las principales problem\u00e1ticas que enfrentan las personas con discapacidad\u00a0<\/strong>de nuestro pa\u00eds en la actualidad: <strong>el desempleo<\/strong>\u201d.<\/p>\n<p>En otro sentido, obtuvo dictamen el proyecto de autor\u00eda de la diputada oficialista Marcela Passo que propone la \u201ccreaci\u00f3n de un\u00a0<strong>Sistema integral de prioridad y contenci\u00f3n para personas con Trastorno del Espectro Autista (TEA)\u00a0<\/strong>y s\u00edndromes relacionados en los medios de transporte terrestre, ferroviario, a\u00e9reo y fluvial\u201d.<\/p>\n<p>En tanto, el proyecto que establece la\u00a0<strong>Capacitaci\u00f3n obligatoria en Lengua de Se\u00f1as Argentina (LSA) para todas las personas que se desempe\u00f1en en la funci\u00f3n p\u00fablica, en todos sus niveles y jerarqu\u00edas, en el \u00e1mbito de los tres poderes del Estado nacional\u00a0<\/strong>(Poder Ejecutivo, Legislativo y Judicial de la Naci\u00f3n), no logr\u00f3 consenso, por lo cual se propuso que vuelva a asesores.<\/p>\n<p>\u201cLas organizaciones de sordos<strong>\u00a0nos piden que escuchemos cu\u00e1les son sus necesidades, las prioridades del colectivo porque hay una parte de la comunidad que no est\u00e1 de acuerdo con el proyecto de ley sobre la capacitaci\u00f3n en lengua de se\u00f1as<\/strong>\u201d, explic\u00f3 la diputada del PRO Dina Rezinovsky.<\/p>\n<p>En el marco de la Comisi\u00f3n, adem\u00e1s, se analizaron distintas iniciativas entre las que se destacan las \u201cmodificaciones a la<strong> Ley de Turismo accesible para personas con capacidades restringidas, Ley 25.643\u201d, con el fin de adecuar la Ley<\/strong>\u00a0a lo que establece la Convenci\u00f3n sobre los Derechos de las Personas con Discapacidad. <strong>(VW)<\/strong><\/p>\n","protected":false},"excerpt":{"rendered":"<p>Se unificaron varios proyectos para la formaci\u00f3n sensible y obligatoria en la administraci\u00f3n p\u00fablica sobre el trato adecuado a personas con discapacidad.<\/p>\n","protected":false},"author":4,"featured_media":11775,"comment_status":"closed","ping_status":"closed","sticky":false,"template":"","format":"standard","meta":{"_monsterinsights_skip_tracking":false,"_monsterinsights_sitenote_active":false,"_monsterinsights_sitenote_note":"","_monsterinsights_sitenote_category":0,"footnotes":""},"categories":[8,5],"tags":[143,2909,3001,4908,4907],"class_list":["post-11774","post","type-post","status-publish","format-standard","has-post-thumbnail","hentry","category-interes-general","category-sociedad","tag-diputados","tag-discapacidad","tag-lengua-de-senas","tag-ley-de-turismo","tag-proyecto-capacitacion"],"_links":{"self":[{"href":"https:\/\/www.visionweb.com.ar\/index.php?rest_route=\/wp\/v2\/posts\/11774","targetHints":{"allow":["GET"]}}],"collection":[{"href":"https:\/\/www.visionweb.com.ar\/index.php?rest_route=\/wp\/v2\/posts"}],"about":[{"href":"https:\/\/www.visionweb.com.ar\/index.php?rest_route=\/wp\/v2\/types\/post"}],"author":[{"embeddable":true,"href":"https:\/\/www.visionweb.com.ar\/index.php?rest_route=\/wp\/v2\/users\/4"}],"replies":[{"embeddable":true,"href":"https:\/\/www.visionweb.com.ar\/index.php?rest_route=%2Fwp%2Fv2%2Fcomments&post=11774"}],"version-history":[{"count":1,"href":"https:\/\/www.visionweb.com.ar\/index.php?rest_route=\/wp\/v2\/posts\/11774\/revisions"}],"predecessor-version":[{"id":11776,"href":"https:\/\/www.visionweb.com.ar\/index.php?rest_route=\/wp\/v2\/posts\/11774\/revisions\/11776"}],"wp:featuredmedia":[{"embeddable":true,"href":"https:\/\/www.visionweb.com.ar\/index.php?rest_route=\/wp\/v2\/media\/11775"}],"wp:attachment":[{"href":"https:\/\/www.visionweb.com.ar\/index.php?rest_route=%2Fwp%2Fv2%2Fmedia&parent=11774"}],"wp:term":[{"taxonomy":"category","embeddable":true,"href":"https:\/\/www.visionweb.com.ar\/index.php?rest_route=%2Fwp%2Fv2%2Fcategories&post=11774"},{"taxonomy":"post_tag","embeddable":true,"href":"https:\/\/www.visionweb.com.ar\/index.php?rest_route=%2Fwp%2Fv2%2Ftags&post=11774"}],"curies":[{"name":"wp","href":"https:\/\/api.w.org\/{rel}","templated":true}]}}