{"id":11762,"date":"2023-09-11T19:53:33","date_gmt":"2023-09-11T22:53:33","guid":{"rendered":"https:\/\/www.visionweb.com.ar\/?p=11762"},"modified":"2023-09-11T19:53:33","modified_gmt":"2023-09-11T22:53:33","slug":"massa-anuncio-que-el-minimo-no-imponible-sera-de-1-770-000","status":"publish","type":"post","link":"https:\/\/www.visionweb.com.ar\/?p=11762","title":{"rendered":"Massa anunci\u00f3 que el m\u00ednimo no imponible ser\u00e1 de $1.770.000"},"content":{"rendered":"<p><em><strong>El Ministro de Econom\u00eda y candidato a la presidencia de la Naci\u00f3n por Uni\u00f3n por la Patria, dijo que la medida regir\u00e1 a partir del 1 de octubre y se enviar\u00e1 un proyecto de Ley al Congreso.<\/strong><\/em> <!--more--><\/p>\n<p><img loading=\"lazy\" decoding=\"async\" class=\"size-medium wp-image-11477 alignright\" src=\"https:\/\/www.visionweb.com.ar\/wp-content\/uploads\/2023\/08\/a-massa-300x183.png\" alt=\"\" width=\"300\" height=\"183\" srcset=\"https:\/\/www.visionweb.com.ar\/wp-content\/uploads\/2023\/08\/a-massa-300x183.png 300w, https:\/\/www.visionweb.com.ar\/wp-content\/uploads\/2023\/08\/a-massa.png 498w\" sizes=\"auto, (max-width: 300px) 100vw, 300px\" \/>El ministro de Econom\u00eda, Sergio Massa anunci\u00f3 este lunes que el m\u00ednimo no imponible para cobrar el Impuesto a las Ganancias pasar\u00e1 a partir del 1 de octubre a 1.770.000 pesos.<\/p>\n<p>El titular de la cartera econ\u00f3mica nacional, dijo adem\u00e1s que: \u00abEnviaremos al Congreso un Proyecto de Ley para que los trabajadores no paguen m\u00e1s ese tributo\u00bb y , que solo alcanzar\u00e1 a unas 80.000 personas que son directores de empresas, Ceos y quienes tengan jubilaciones de privilegio.<\/p>\n<p>Massa hizo este anuncio luego de una reuni\u00f3n que mantuvo en su despacho del Ministerio de Econom\u00eda,\u00a0 con algunos referentes de la CGT (Confederaci\u00f3n General del Trabajo) nacional.<\/p>\n<p>El Ministro de Econom\u00eda, hizo el anuncio, esta tarde, durante un acto que se realiz\u00f3 frente al Palacio de Hacienda, organizado por el gremio de los Camioneros, encabezado por Pablo Moyano. Aunque tambi\u00e9n hubo referentes de Luz y Fuerza y UPCN, seg\u00fan las im\u00e1genes proyectadas por las pantallas de televisi\u00f3n.<\/p>\n<p><strong>\u00ab<\/strong>El salario no es ganancia, el salario es remuneraci\u00f3n\u00bb, manifest\u00f3 el funcionario, y sigui\u00f3: \u00abMandamos un proyecto al Congreso de la Naci\u00f3n que elimina la cuarta categor\u00eda para todos los trabajadores y jubilados de la Argentina\u00bb.<\/p>\n<p>En esa l\u00ednea de trabajo, el ahora candidato a Presidente de la Naci\u00f3n por Uni\u00f3n por La Patria, se\u00f1al\u00f3 tambi\u00e9n que se har\u00e1 una especie de puente y: P<strong>or Decreto, vamos a impulsar desde el 1 de octubre un m\u00ednimo no imponible de 1.770.000 pesos\u00bb.<\/strong><\/p>\n<p><strong>\u00abS\u00f3lo van a quedar 80 mil gerentes, directores de empresas, jubilados de privilegios o funcionarios de altas empresas\u00bb<\/strong> que pagar\u00e1n el tributo.<\/p>\n<p>\u00abEra vergonzoso que en un pa\u00eds donde promovemos el trabajo, los trabajadores paguen Ganancias\u00bb, continu\u00f3 el candidato a presidente por Uni\u00f3n por la Patria, y a\u00f1adi\u00f3: \u00abTenemos que terminar con la locura del m\u00e9dico que no quiere hacer una guardia m\u00e1s porque la pierde en ganancias\u00bb.<\/p>\n<p>En plena campa\u00f1a pol\u00edtica el Candidato y Ministro dijo tambi\u00e9n que: \u00abHemos decidido presentar esta ley y esperamos que tal como dijeron en las redes,\u00a0<strong>aquellos opositores que hoy no nos permiten cobrarles impuestos a los que tienen su plata en el extranjero, al menos se dignen a aceptar que los trabajadores no paguen m\u00e1s el impuesto a las ganancias\u00bb.<\/strong><\/p>\n<p>\u00abMi presidencia va a estar marcada por la recuperaci\u00f3n del salario\u00bb, afirm\u00f3 Massa, y dijo que \u00abcuando uno tiene una convicci\u00f3n, tiene que predicar con el ejemplo\u00bb, enfatiz\u00f3 apuntando con un dedo al cielo.<\/p>\n<p>\u00abArgentina hoy tiene el peor cepo que puede tener un pa\u00eds, el acuerdo con el FMI tras la deuda que tom\u00f3 el gobierno de Macri\u00bb, se quej\u00f3 el titular de Hacienda.<\/p>\n<p>Sobre el final, Massa afirm\u00f3 que\u00a0<strong>\u201c<\/strong>en los pr\u00f3ximos 45 d\u00edas se juega el futuro de la Argentina. \u00a0Le pidi\u00f3 a los trabajadores hacer todo el esfuerzo posible para construir el 22 de octubre el triunfo de los trabajadores, de la Argentina y el peronismo\u201d, cerr\u00f3.<\/p>\n<p>Massa se retiro del escenario, improvisado sobre el acoplado de un cami\u00f3n entre vivas\u00a0 aplausos de los trabajadores que acompa\u00f1aron el acto que se inicio cerca de las 17 y no habl\u00f3 ning\u00fan referente de la CGT, mientras se sent\u00eda de fondo la marcha peronista.<strong>(VW)<\/strong><\/p>\n<p><strong>Informaci\u00f3n producida con datos propios y\u00a0 agencias.<\/strong><\/p>\n<p>&nbsp;<\/p>\n","protected":false},"excerpt":{"rendered":"<p>El Ministro de Econom\u00eda y candidato a la presidencia de la Naci\u00f3n por Uni\u00f3n por la Patria, dijo que la medida regir\u00e1 a partir del 1 de octubre y se enviar\u00e1 un proyecto de&#46;&#46;&#46;<\/p>\n","protected":false},"author":3,"featured_media":11477,"comment_status":"closed","ping_status":"closed","sticky":false,"template":"","format":"standard","meta":{"_monsterinsights_skip_tracking":false,"_monsterinsights_sitenote_active":false,"_monsterinsights_sitenote_note":"","_monsterinsights_sitenote_category":0,"footnotes":""},"categories":[6,4],"tags":[],"class_list":["post-11762","post","type-post","status-publish","format-standard","has-post-thumbnail","hentry","category-economia","category-politica"],"_links":{"self":[{"href":"https:\/\/www.visionweb.com.ar\/index.php?rest_route=\/wp\/v2\/posts\/11762","targetHints":{"allow":["GET"]}}],"collection":[{"href":"https:\/\/www.visionweb.com.ar\/index.php?rest_route=\/wp\/v2\/posts"}],"about":[{"href":"https:\/\/www.visionweb.com.ar\/index.php?rest_route=\/wp\/v2\/types\/post"}],"author":[{"embeddable":true,"href":"https:\/\/www.visionweb.com.ar\/index.php?rest_route=\/wp\/v2\/users\/3"}],"replies":[{"embeddable":true,"href":"https:\/\/www.visionweb.com.ar\/index.php?rest_route=%2Fwp%2Fv2%2Fcomments&post=11762"}],"version-history":[{"count":1,"href":"https:\/\/www.visionweb.com.ar\/index.php?rest_route=\/wp\/v2\/posts\/11762\/revisions"}],"predecessor-version":[{"id":11763,"href":"https:\/\/www.visionweb.com.ar\/index.php?rest_route=\/wp\/v2\/posts\/11762\/revisions\/11763"}],"wp:featuredmedia":[{"embeddable":true,"href":"https:\/\/www.visionweb.com.ar\/index.php?rest_route=\/wp\/v2\/media\/11477"}],"wp:attachment":[{"href":"https:\/\/www.visionweb.com.ar\/index.php?rest_route=%2Fwp%2Fv2%2Fmedia&parent=11762"}],"wp:term":[{"taxonomy":"category","embeddable":true,"href":"https:\/\/www.visionweb.com.ar\/index.php?rest_route=%2Fwp%2Fv2%2Fcategories&post=11762"},{"taxonomy":"post_tag","embeddable":true,"href":"https:\/\/www.visionweb.com.ar\/index.php?rest_route=%2Fwp%2Fv2%2Ftags&post=11762"}],"curies":[{"name":"wp","href":"https:\/\/api.w.org\/{rel}","templated":true}]}}