{"id":11753,"date":"2023-09-11T14:15:41","date_gmt":"2023-09-11T17:15:41","guid":{"rendered":"https:\/\/www.visionweb.com.ar\/?p=11753"},"modified":"2023-09-11T14:20:11","modified_gmt":"2023-09-11T17:20:11","slug":"suicidios-realizaron-una-jornada-de-concientizacion-en-alte-brown","status":"publish","type":"post","link":"https:\/\/www.visionweb.com.ar\/?p=11753","title":{"rendered":"Suicidios: Realizaron una jornada de concientizaci\u00f3n en Alte Brown"},"content":{"rendered":"<p><em><strong>Voluntarios de Causa Com\u00fan realizar\u00e1n acciones de concientizaci\u00f3n y una volanteada difundiendo las l\u00edneas de ayuda y los recursos comunitarios disponibles.<\/strong><\/em><!--more--><\/p>\n<p class=\"xydp4e42a3d1msonormal\"><img loading=\"lazy\" decoding=\"async\" class=\"size-medium wp-image-11754 alignleft\" src=\"https:\/\/www.visionweb.com.ar\/wp-content\/uploads\/2023\/09\/CONCIENTIZACION-300x138.png\" alt=\"\" width=\"300\" height=\"138\" srcset=\"https:\/\/www.visionweb.com.ar\/wp-content\/uploads\/2023\/09\/CONCIENTIZACION-300x138.png 300w, https:\/\/www.visionweb.com.ar\/wp-content\/uploads\/2023\/09\/CONCIENTIZACION.png 640w\" sizes=\"auto, (max-width: 300px) 100vw, 300px\" \/>En el D\u00eda Mundial para la Prevenci\u00f3n del Suicidio, se realiz\u00f3 una jornada de concientizaci\u00f3n sobre esta problem\u00e1tica que puede tratarse y prevenirse.<\/p>\n<p class=\"xydp4e42a3d1msonormal\">Las actividades se iniciaron se realizaron el s\u00e1bado \u00faltimo\u00a0 en Jos\u00e9 M\u00e1rmol y continuaron hoy el domingo en la misma localidad.<\/p>\n<p class=\"xydp4e42a3d1msonormal\">En ese marco vecinos, autoridades municipales y el equipo de \u201cCausa Com\u00fan Brown\u201d se reunieron en el Tanque de agua de la estaci\u00f3n de M\u00e1rmol (calles Bynnon y 4 de Enero) portando un vela amarilla para visibilizar un mensaje de acompa\u00f1amiento y de esperanza.<\/p>\n<p class=\"xydp4e42a3d1msonormal\">\u201cOrganizamos esta actividad para realizar un abordaje de esta problem\u00e1tica desde la visualizaci\u00f3n y principalmente a partir de la prevenci\u00f3n\u201d, indici\u00f3 Mariano Cascallares quien junto a Juan Fabiani recordaron que \u201csi vos o alguien cercano necesita ayuda pod\u00e9s acudir al centro de salud m\u00e1s cercano o comunicarte las 24 horas al 0800 999 0091\u201d.<\/p>\n<p class=\"xydp4e42a3d1msonormal\">\u00a0Cascallares agreg\u00f3 que el objetivo de estas jornadas \u201ces demostrar que estos actos se pueden prevenir y que estas problem\u00e1ticas de pueden tratar\u201d.<\/p>\n<p class=\"xydp4e42a3d1msonormal\">Las actividades del domingo 0 de septiembre\u00a0 se realizaron\u00a0 la Plaza Los Aromos de Nuestra Se\u00f1ora de Luj\u00e1n en la calle Bynnon entre 25 de Mayo y Arias desde las 17 horas.<\/p>\n<p class=\"xydp4e42a3d1msonormal\">All\u00ed voluntarios de Causa Com\u00fan realizar\u00e1n acciones de concientizaci\u00f3n y una volanteada difundiendo las l\u00edneas de ayuda y los recursos comunitarios disponibles.<\/p>\n<p class=\"xydp4e42a3d1msonormal\">Participa tambi\u00e9n de estas actividades el Centro Social de Capacitaci\u00f3n para la Mujer y la Familia de Almirante Brown.<\/p>\n<p class=\"xydp4e42a3d1msonormal\">Finalmente se record\u00f3 que la nueva l\u00ednea telef\u00f3nica nacional y gratuita de Salud Mental es el 0800 999 0091 las 24 horas los 365 d\u00edas del a\u00f1o para todo el pa\u00eds<strong>(VW)<\/strong>.<\/p>\n","protected":false},"excerpt":{"rendered":"<p>Voluntarios de Causa Com\u00fan realizar\u00e1n acciones de concientizaci\u00f3n y una volanteada difundiendo las l\u00edneas de ayuda y los recursos comunitarios disponibles.<\/p>\n","protected":false},"author":3,"featured_media":11754,"comment_status":"closed","ping_status":"closed","sticky":false,"template":"","format":"standard","meta":{"_monsterinsights_skip_tracking":false,"_monsterinsights_sitenote_active":false,"_monsterinsights_sitenote_note":"","_monsterinsights_sitenote_category":0,"footnotes":""},"categories":[3,5],"tags":[658,1496,4899],"class_list":["post-11753","post","type-post","status-publish","format-standard","has-post-thumbnail","hentry","category-actualidad","category-sociedad","tag-almirante-brown","tag-concientizacion","tag-suicidios"],"_links":{"self":[{"href":"https:\/\/www.visionweb.com.ar\/index.php?rest_route=\/wp\/v2\/posts\/11753","targetHints":{"allow":["GET"]}}],"collection":[{"href":"https:\/\/www.visionweb.com.ar\/index.php?rest_route=\/wp\/v2\/posts"}],"about":[{"href":"https:\/\/www.visionweb.com.ar\/index.php?rest_route=\/wp\/v2\/types\/post"}],"author":[{"embeddable":true,"href":"https:\/\/www.visionweb.com.ar\/index.php?rest_route=\/wp\/v2\/users\/3"}],"replies":[{"embeddable":true,"href":"https:\/\/www.visionweb.com.ar\/index.php?rest_route=%2Fwp%2Fv2%2Fcomments&post=11753"}],"version-history":[{"count":1,"href":"https:\/\/www.visionweb.com.ar\/index.php?rest_route=\/wp\/v2\/posts\/11753\/revisions"}],"predecessor-version":[{"id":11755,"href":"https:\/\/www.visionweb.com.ar\/index.php?rest_route=\/wp\/v2\/posts\/11753\/revisions\/11755"}],"wp:featuredmedia":[{"embeddable":true,"href":"https:\/\/www.visionweb.com.ar\/index.php?rest_route=\/wp\/v2\/media\/11754"}],"wp:attachment":[{"href":"https:\/\/www.visionweb.com.ar\/index.php?rest_route=%2Fwp%2Fv2%2Fmedia&parent=11753"}],"wp:term":[{"taxonomy":"category","embeddable":true,"href":"https:\/\/www.visionweb.com.ar\/index.php?rest_route=%2Fwp%2Fv2%2Fcategories&post=11753"},{"taxonomy":"post_tag","embeddable":true,"href":"https:\/\/www.visionweb.com.ar\/index.php?rest_route=%2Fwp%2Fv2%2Ftags&post=11753"}],"curies":[{"name":"wp","href":"https:\/\/api.w.org\/{rel}","templated":true}]}}