{"id":11746,"date":"2023-09-11T12:30:28","date_gmt":"2023-09-11T15:30:28","guid":{"rendered":"https:\/\/www.visionweb.com.ar\/?p=11746"},"modified":"2023-09-11T12:30:28","modified_gmt":"2023-09-11T15:30:28","slug":"llega-el-1-festival-bonaerense-de-poesia","status":"publish","type":"post","link":"https:\/\/www.visionweb.com.ar\/?p=11746","title":{"rendered":"Llega el 1\u00b0 Festival Bonaerense de Poes\u00eda"},"content":{"rendered":"<p><em><strong>Ser\u00e1 el pr\u00f3ximo fin de semana en la ciudad de La Plata. Habr\u00e1 m\u00e1s de 100 poetas, feria de libros, artistas invitados, feria de editoriales independientes, charlas, lecturas, homenajes, shows musicales, y actividades para los m\u00e1s chicos.<\/strong><\/em><!--more--><\/p>\n<p><strong> <img loading=\"lazy\" decoding=\"async\" class=\"size-medium wp-image-11747 alignright\" src=\"https:\/\/www.visionweb.com.ar\/wp-content\/uploads\/2023\/09\/1-er-festi-poesia-300x173.png\" alt=\"\" width=\"300\" height=\"173\" srcset=\"https:\/\/www.visionweb.com.ar\/wp-content\/uploads\/2023\/09\/1-er-festi-poesia-300x173.png 300w, https:\/\/www.visionweb.com.ar\/wp-content\/uploads\/2023\/09\/1-er-festi-poesia.png 431w\" sizes=\"auto, (max-width: 300px) 100vw, 300px\" \/>\u00a0 E<\/strong>l Instituto Cultural de la Provincia de Buenos Aires dio a conocer el cronograma de la primera edici\u00f3n del<strong> Festival Bonaerense de Poes\u00eda, <\/strong>que se realizar\u00e1 el pr\u00f3ximo fin de semana en la ciudad de La Plata, con entrada libre y gratuita.<\/p>\n<p>El evento se llevar\u00e1 a cabo el\u00a0<strong>s\u00e1bado 16 y domingo 17 de septiembre<\/strong>, en el\u00a0<strong>Centro Provincial de las Artes Teatro Argentino<\/strong>, sito en Avenida 51, entre 9 y 10.<\/p>\n<p>All\u00ed se podr\u00e1 disfrutar de m\u00e1s de 100 poetas bonaerenses y artistas invitados, feria de editoriales independientes, charlas, lecturas, performances, homenajes, shows musicales y talleres para las infancias.<\/p>\n<p>Entre las actividades destacadas, se encontrar\u00e1n las charlas magistrales de autores como Maria Negroni, Jorge Boccanera, Arturo Carrera, Alicia Genovese, Mario Ortiz, Luis Sagasti, Horacio Zabalj\u00e1uregui y Horacio Fiebelkorn.<\/p>\n<p>Desde el Instituto Cultural bonaerense, destacaron:<strong> \u201cEl Festival Bonaerense de Poes\u00eda comprende la poes\u00eda en su dimensi\u00f3n social y cultural, en su car\u00e1cter de palabra transformadora, articulada en la diversidad y en su potente capacidad de circulaci\u00f3n en la trama comunitaria. La palabra po\u00e9tica nos expresa, nos contiene, nos identifica y nos une\u201d<\/strong>.<\/p>\n<p><strong>\u201cDurante estos dos d\u00edas, entonces, se podr\u00e1 acceder a la poes\u00eda en su tradicional formato escrito difundido a trav\u00e9s de libros, pero tambi\u00e9n en un sentido amplio, abarcando a la canci\u00f3n, las corporalidades, otras disciplinas y manifestaciones de la cultura. El primer Festival Bonaerense de Poes\u00eda se propone ser una potente ventana al mundo de la producci\u00f3n po\u00e9tica de la provincia y un punto de encuentro de sus representantes\u201d<\/strong>, a\u00f1adieron.<\/p>\n<p>Asimismo, se llevar\u00e1 adelante\u00a0<strong>\u201cDecir poes\u00eda\u201d<\/strong>, una serie de homenajes que incluir\u00e1 las figuras de N\u00e9stor Perlongher, Alejandra Pizarnik y Rosario Bl\u00e9fari; con la participaci\u00f3n de lxs poetas bonaerenses Osvaldo Bossi, Marta Dillon, Marie Gouiric, Juan Fernando Garc\u00eda, Anahi Mallol, Luciana Reif, Melina Alexia Varnavoglou, Celeste Di\u00e9guez, Natalia Molina, Lorena Curruhinca, Alan la Veglia; y los shows musicales con Javiera Luna Fant\u00edn, Paula Maffia, Florencia Ruiz y Nina Su\u00e1rez.<\/p>\n<p>En tanto, anunciaron que el s\u00e1bado 16 se realizar\u00e1 el homenaje\u00a0<strong>\u201cQuisiera que me recuerden\u201d<\/strong>\u00a0a las y los poetas desaparecidos y desaparecidas durante la \u00faltima dictadura c\u00edvico-militar, con la presencia de invitados especiales y la participaci\u00f3n musical de Ana Mercader y Carmen S\u00e1nchez Viamonte.<\/p>\n<p>Durante esta misma jornada, pero a las 11 horas, se llevar\u00e1 a cabo en el Paseo de Bosque una actividad llamada <strong>\u201cLa Plata ciudad de poetas\u201d<\/strong> con la presencia de destacados poetas de la ciudad. A la noche del s\u00e1bado, habr\u00e1 un encuentro entre les poetas, performers, actrices, cantantes y activistas Fernando Noy y Susy Shock, quienes brindar\u00e1n un recital po\u00e9tico-musical \u00fanico.<\/p>\n<p>Adem\u00e1s, el evento cuenta con una programaci\u00f3n a cargo de siete\u00a0<strong>Festivales autogestivos<\/strong>\u00a0de amplia trayectoria en el territorio provincial: Festival de Poes\u00eda Latinoamericana de Bah\u00eda Blanca; Festival Poes\u00eda De Ac\u00e1 de Mar del Plata; Rural de Lobos; Magia de Z\u00e1rate; Estival de Monte Hermoso; La dominga de Mercedes y Rastrojero de Ayacucho. En cada festival participan poetas de diferentes generaciones, est\u00e9ticas y recorridos provenientes de diversas localidades.<\/p>\n<p>As\u00ed, los amantes de la literatura podr\u00e1n disfrutar de una<strong>\u00a0feria de editoriales\u00a0<\/strong>en la que participan m\u00e1s de 30 sellos independientes, donde tambi\u00e9n se desarrollar\u00e1n charlas del sector.<\/p>\n<p>A la vez, tampoco faltar\u00e1n las\u00a0<strong>actividades para los m\u00e1s chicos<\/strong>, que se desarrollar\u00e1n en un espacio permanente para acercarse a la escritura y la creatividad. Entre las actividades programadas se encuentra un taller de haikus \u201cEl cielo alrededor\u201d coordinado por la escritora de Coronel Dorrego, Laura Forchetti. Tambi\u00e9n un taller de poes\u00eda y collage, \u201cCinco pieles\u201d coordinado por la poeta Marisa Negri y \u201cExpedici\u00f3n a lo del T\u00edo Gutenberg\u201d, un taller de experimentaci\u00f3n tipogr\u00e1fica para infancias y juventudes a cargo de los bahienses Walterio Uranga y el poeta y panadero Gast\u00f3n V\u00e1zquez.<\/p>\n<p>Por su parte, el domingo 17 tendr\u00e1 lugar el taller de lectura y escritura para chicas y chicos llamado \u201cLa tierra entre tus pies gira como nunca\u201d coordinado por la autora de Santa Teresita Ana Claudia D\u00edaz y el \u201cConcurso de belleza espiritual: galer\u00eda de voces po\u00e9ticas\u201d dictado por Carolina Rack de Coronel Su\u00e1rez.<\/p>\n<p>Para conocer el cronograma completo de actividades del Primer Festival de Poes\u00eda Bonaerense ingresar al siguiente\u00a0<a href=\"https:\/\/drive.google.com\/file\/d\/1BnbYzSzRuZrTvjfdzyubEPk6K_V7fVZk\/view\">link<\/a>. <strong>(VW)<\/strong><\/p>\n","protected":false},"excerpt":{"rendered":"<p>Ser\u00e1 el pr\u00f3ximo fin de semana en la ciudad de La Plata. Habr\u00e1 m\u00e1s de 100 poetas, feria de libros, artistas invitados, feria de editoriales independientes, charlas, lecturas, homenajes, shows musicales, y actividades para&#46;&#46;&#46;<\/p>\n","protected":false},"author":4,"featured_media":11747,"comment_status":"closed","ping_status":"closed","sticky":false,"template":"","format":"standard","meta":{"_monsterinsights_skip_tracking":false,"_monsterinsights_sitenote_active":false,"_monsterinsights_sitenote_note":"","_monsterinsights_sitenote_category":0,"footnotes":""},"categories":[8],"tags":[4896,4897,95],"class_list":["post-11746","post","type-post","status-publish","format-standard","has-post-thumbnail","hentry","category-interes-general","tag-1er-festival-bonaerense-de-poesia","tag-centro-provincial-de-las-artes","tag-la-plata"],"_links":{"self":[{"href":"https:\/\/www.visionweb.com.ar\/index.php?rest_route=\/wp\/v2\/posts\/11746","targetHints":{"allow":["GET"]}}],"collection":[{"href":"https:\/\/www.visionweb.com.ar\/index.php?rest_route=\/wp\/v2\/posts"}],"about":[{"href":"https:\/\/www.visionweb.com.ar\/index.php?rest_route=\/wp\/v2\/types\/post"}],"author":[{"embeddable":true,"href":"https:\/\/www.visionweb.com.ar\/index.php?rest_route=\/wp\/v2\/users\/4"}],"replies":[{"embeddable":true,"href":"https:\/\/www.visionweb.com.ar\/index.php?rest_route=%2Fwp%2Fv2%2Fcomments&post=11746"}],"version-history":[{"count":1,"href":"https:\/\/www.visionweb.com.ar\/index.php?rest_route=\/wp\/v2\/posts\/11746\/revisions"}],"predecessor-version":[{"id":11748,"href":"https:\/\/www.visionweb.com.ar\/index.php?rest_route=\/wp\/v2\/posts\/11746\/revisions\/11748"}],"wp:featuredmedia":[{"embeddable":true,"href":"https:\/\/www.visionweb.com.ar\/index.php?rest_route=\/wp\/v2\/media\/11747"}],"wp:attachment":[{"href":"https:\/\/www.visionweb.com.ar\/index.php?rest_route=%2Fwp%2Fv2%2Fmedia&parent=11746"}],"wp:term":[{"taxonomy":"category","embeddable":true,"href":"https:\/\/www.visionweb.com.ar\/index.php?rest_route=%2Fwp%2Fv2%2Fcategories&post=11746"},{"taxonomy":"post_tag","embeddable":true,"href":"https:\/\/www.visionweb.com.ar\/index.php?rest_route=%2Fwp%2Fv2%2Ftags&post=11746"}],"curies":[{"name":"wp","href":"https:\/\/api.w.org\/{rel}","templated":true}]}}