{"id":11741,"date":"2023-09-11T12:11:12","date_gmt":"2023-09-11T15:11:12","guid":{"rendered":"https:\/\/www.visionweb.com.ar\/?p=11741"},"modified":"2023-09-11T14:02:54","modified_gmt":"2023-09-11T17:02:54","slug":"la-cgt-regional-de-avellaneda-lanus-declaro-el-estado-de-alerta-y-movilizacion","status":"publish","type":"post","link":"https:\/\/www.visionweb.com.ar\/?p=11741","title":{"rendered":"La CGT Regional de Avellaneda-Lan\u00fas declar\u00f3 el estado de alerta y movilizaci\u00f3n"},"content":{"rendered":"<p><em><strong>Es por las dudas en el cobreo del bono por parte del personal municipal de Lan\u00fas. El gobierno bonaerense dio luz verde al Fondo Especial de Asignaciones Salariales.<\/strong><\/em><!--more--><\/p>\n<p><strong><img loading=\"lazy\" decoding=\"async\" class=\"size-medium wp-image-3940 alignright\" src=\"https:\/\/www.visionweb.com.ar\/wp-content\/uploads\/2021\/12\/municipalidad-lanus-1-300x191.jpg\" alt=\"\" width=\"300\" height=\"191\" srcset=\"https:\/\/www.visionweb.com.ar\/wp-content\/uploads\/2021\/12\/municipalidad-lanus-1-300x191.jpg 300w, https:\/\/www.visionweb.com.ar\/wp-content\/uploads\/2021\/12\/municipalidad-lanus-1.jpg 625w\" sizes=\"auto, (max-width: 300px) 100vw, 300px\" \/>La Regional de la CGT Avellaneda-Lan\u00fas declar\u00f3 el \u201cestado de alerta y movilizaci\u00f3n\u201d<\/strong>\u00a0en reclamo por los \u201csalarios de hambre\u201d que consider\u00f3 que reciben los trabajadores municipales en Lan\u00fas, y exigi\u00f3 el pago del bono dispuesto por el ministro de Econom\u00eda,\u00a0Sergio Masssa<\/p>\n<p><strong>\u201cNos declaramos en estado de alerta y movilizaci\u00f3n ante el reclamo que los y las trabajadoras municipales de Lan\u00fas vienen realizando\u201d<\/strong>, manifestaron en un comunicado que lleva la firma del Consejo Directivo de la regional publicada el fin de semana.<\/p>\n<p>En el escrito, denunciaron los \u201csalarios de hambre\u201d de los trabajadores en el municipio que se encuentra a cargo del intendente de Lan\u00fas y candidato a gobernador de la provincia de Buenos Aires de Juntos por el Cambio (JxC),N\u00e9stor Grindetti , y llamaron a reclamar y \u201cexigir de manera conjunta que dejen de estar por debajo del l\u00edmite de pobreza\u201d, Se\u00f1\u00e1l\u00f3 Inforegi\u00f3n.<\/p>\n<p>\u201cAcompa\u00f1amos el plan de lucha que proponen las Organizaciones Sindicales que representan el sector, exigimos un acuerdo paritario acorde a la situaci\u00f3n actual y el pago de la bonificaci\u00f3n que ha dispuesto el ministro de econom\u00eda, Sergio Massa\u201d, expresaron.<\/p>\n<p><strong>En tanto, el gobierno bonaerense formaliz\u00f3 hoy la creaci\u00f3n del Fondo Especial de Asignaciones Extraordinarias Salariales para Municipios,\u00a0a trav\u00e9s del decreto 1610\/2023<\/strong>, publicado este lunes en el\u00a0<a href=\"https:\/\/www.boletinoficial.gba.gob.ar\/\" target=\"_blank\" rel=\"noopener\">Bolet\u00edn Oficial<\/a> del distrito, \u201ccon el objetivo de coadyuvar a los municipios de la provincia para el pago de una asignaci\u00f3n no remunerativa extraordinaria para los y las trabajadores municipales\u201d<\/p>\n<p><strong>Fondo Salarial<\/strong><\/p>\n<p>El gobierno bonaerense formaliz\u00f3 hoy la creaci\u00f3n del Fondo Especial de Asignaciones Extraordinarias Salariales para Municipios, a trav\u00e9s del decreto 1610\/2023, publicado este lunes en el Bolet\u00edn Oficial del distrito, con el objetivo de coadyuvar a los municipios de la provincia para el pago del bono https:\/\/www.visionweb.com.ar\/?p=11736.<\/p>\n<p>El decreto remarc\u00f3 que el fondo busca poder afrontar el pago de esa suma fija \u201cpermitiendo sostener las prestaciones b\u00e1sicas de los municipios, de similares caracter\u00edsticas a la otorgada por el Poder Ejecutivo Nacional a trav\u00e9s del decreto 438\/2023\u201d.<\/p>\n<p>Tambi\u00e9n especific\u00f3 que el fondo se integra con recursos de rentas generales de la provincia, Aportes del Tesoro Nacional y cualquier otra fuente que al efecto determine la autoridad de aplicaci\u00f3n, por hasta la suma de $ 4.000 millones, que podr\u00e1 ser ampliado hasta $ 8.000 millones.<strong>(VW)<\/strong>.<\/p>\n","protected":false},"excerpt":{"rendered":"<p>Es por las dudas en el cobreo del bono por parte del personal municipal de Lan\u00fas. El gobierno bonaerense dio luz verde al Fondo Especial de Asignaciones Salariales.<\/p>\n","protected":false},"author":3,"featured_media":3940,"comment_status":"closed","ping_status":"closed","sticky":false,"template":"","format":"standard","meta":{"_monsterinsights_skip_tracking":false,"_monsterinsights_sitenote_active":false,"_monsterinsights_sitenote_note":"","_monsterinsights_sitenote_category":0,"footnotes":""},"categories":[4],"tags":[1248,2032,56],"class_list":["post-11741","post","type-post","status-publish","format-standard","has-post-thumbnail","hentry","category-politica","tag-bono","tag-cgt","tag-salarios"],"_links":{"self":[{"href":"https:\/\/www.visionweb.com.ar\/index.php?rest_route=\/wp\/v2\/posts\/11741","targetHints":{"allow":["GET"]}}],"collection":[{"href":"https:\/\/www.visionweb.com.ar\/index.php?rest_route=\/wp\/v2\/posts"}],"about":[{"href":"https:\/\/www.visionweb.com.ar\/index.php?rest_route=\/wp\/v2\/types\/post"}],"author":[{"embeddable":true,"href":"https:\/\/www.visionweb.com.ar\/index.php?rest_route=\/wp\/v2\/users\/3"}],"replies":[{"embeddable":true,"href":"https:\/\/www.visionweb.com.ar\/index.php?rest_route=%2Fwp%2Fv2%2Fcomments&post=11741"}],"version-history":[{"count":5,"href":"https:\/\/www.visionweb.com.ar\/index.php?rest_route=\/wp\/v2\/posts\/11741\/revisions"}],"predecessor-version":[{"id":11743,"href":"https:\/\/www.visionweb.com.ar\/index.php?rest_route=\/wp\/v2\/posts\/11741\/revisions\/11743"}],"wp:featuredmedia":[{"embeddable":true,"href":"https:\/\/www.visionweb.com.ar\/index.php?rest_route=\/wp\/v2\/media\/3940"}],"wp:attachment":[{"href":"https:\/\/www.visionweb.com.ar\/index.php?rest_route=%2Fwp%2Fv2%2Fmedia&parent=11741"}],"wp:term":[{"taxonomy":"category","embeddable":true,"href":"https:\/\/www.visionweb.com.ar\/index.php?rest_route=%2Fwp%2Fv2%2Fcategories&post=11741"},{"taxonomy":"post_tag","embeddable":true,"href":"https:\/\/www.visionweb.com.ar\/index.php?rest_route=%2Fwp%2Fv2%2Ftags&post=11741"}],"curies":[{"name":"wp","href":"https:\/\/api.w.org\/{rel}","templated":true}]}}