{"id":11738,"date":"2023-09-11T11:55:26","date_gmt":"2023-09-11T14:55:26","guid":{"rendered":"https:\/\/www.visionweb.com.ar\/?p=11738"},"modified":"2023-09-11T11:55:26","modified_gmt":"2023-09-11T14:55:26","slug":"elecciones-en-santa-fe-maximiliano-pullaro-arraso-con-el-584-de-los-votos","status":"publish","type":"post","link":"https:\/\/www.visionweb.com.ar\/?p=11738","title":{"rendered":"Elecciones en Santa Fe: Maximiliano Pullaro arras\u00f3 con el 58,4% de los votos"},"content":{"rendered":"<p><em><strong>\u201cLa provincia de\u00a0Santa Fe se tiene que alinear con el cambio que se va a dar en la Argentina\u201d, dijo Pullaro. Obtuvo 1.023.759\u00a0de votos.<\/strong><\/em><!--more--><\/p>\n<div id=\"attachment_11739\" style=\"width: 310px\" class=\"wp-caption alignright\"><img loading=\"lazy\" decoding=\"async\" aria-describedby=\"caption-attachment-11739\" class=\"wp-image-11739 size-medium\" src=\"https:\/\/www.visionweb.com.ar\/wp-content\/uploads\/2023\/09\/pullaro-sta-fe-300x169.png\" alt=\"\" width=\"300\" height=\"169\" srcset=\"https:\/\/www.visionweb.com.ar\/wp-content\/uploads\/2023\/09\/pullaro-sta-fe-300x169.png 300w, https:\/\/www.visionweb.com.ar\/wp-content\/uploads\/2023\/09\/pullaro-sta-fe.png 402w\" sizes=\"auto, (max-width: 300px) 100vw, 300px\" \/><p id=\"caption-attachment-11739\" class=\"wp-caption-text\">Pullaro festej\u00f3 en Rosario, junto a Bullrich, Larreta y Scaglia. Foto: internet<\/p><\/div>\n<p><strong>E<\/strong>l radical <strong>Maximiliano Pullaro<\/strong> obtuvo ayer domingo una victoria contundente en las elecciones de Santa Fe, y se consagr\u00f3 como el nuevo gobernador de esa Provincia, en\u00a0representaci\u00f3n del \u201cfrente de frentes\u201d opositor, integrado por 15 partidos entre ellos la UCR, el Pro y el socialismo.<\/p>\n<p>Pullaro se impuso con el 58,4% de los votos, con el 98,6% de las mesas escrutadas. El gobernador peronista Omar Perotti y el senador nacional Marcelo Lewandoski\u00a0reconocieron la derrota y llamaron a Pullaro para felicitarlo.<\/p>\n<p>As\u00ed, el resultado de las elecciones en Santa Fe, encendi\u00f3 alarmas en el peronismo que descontaba otra derrota, mientras que a Juntos por el Cambio le abre m\u00e1s el abanico, y a\u00a0<strong>Javier Milei<\/strong>\u00a0le result\u00f3 en principio, indiferente.<\/p>\n<p>Estos comicios cambiaron el mapa pol\u00edtico de la provincia de Santa Fe, ya que es la primera vez que un candidato llegar\u00e1 a la gobernaci\u00f3n tras recibir m\u00e1s de un mill\u00f3n de votos.<\/p>\n<p><strong>Los datos:<\/strong> Para gobernador,\u00a0<strong>Pullaro\u00a0<\/strong>(Unidos para Cambiar Santa Fe, la versi\u00f3n local de JxC) gan\u00f3 con\u00a0<strong>1.023.759<\/strong>\u00a0votos (58,4%);\u00a0<strong>Marcelo Lewandowski\u00a0<\/strong>(Juntos Avancemos, que representa al PJ de Uni\u00f3n por la Patria) qued\u00f3 segundo con\u00a0<strong>540.997<\/strong>\u00a0votos (30,86%), y\u00a0<strong>Edelvino Bodoira<\/strong>\u00a0(Viva La Libertad, un sello que Milei no reconoce como propio) obtuvo\u00a0<strong>113.513<\/strong>\u00a0votos (6,46%).<\/p>\n<p>Para diputados, la socialista<strong>\u00a0Clara Garc\u00eda\u00a0<\/strong>(JxC) se impuso con\u00a0<strong>570.411<\/strong>\u00a0votos (33,05%); le sigui\u00f3 el peronista<strong>\u00a0Omar Perotti\u00a0<\/strong>(PJ) con\u00a0<strong>481.016\u00a0<\/strong>votos (27,87%); y la independiente\u00a0<strong>Amalia Granata<\/strong>\u00a0(Unite), termin\u00f3 tercera con\u00a0<strong>343.813\u00a0<\/strong>votos (19,92%).<\/p>\n<p>En el caso de Rosario, epicentro de una fuerte crisis de violencia, inseguridad y cr\u00edmenes por narcotr\u00e1fico, el actual intendente\u00a0<strong>Pablo Javkin\u00a0<\/strong>(JxC) super\u00f3 por apenas 16 mil votos (3% de diferencia) al concejal\u00a0<strong>Juan Monteverde<\/strong>, de Juntos Avancemos.<\/p>\n<p>En este entorno, Pullaro expres\u00f3: \u201cSabemos de\u00a0<strong>las angustias y dolores de los santafesinos, pero tambi\u00e9n de los sue\u00f1os de la provincia de Santa Fe<\/strong>, que va a salir adelante con el esfuerzo de todos y cada uno de nosotros\u201d, y agreg\u00f3: \u201cLa provincia de\u00a0<strong>Santa Fe se tiene que alinear con el cambio que se va a dar en la Argentina<\/strong>\u201d, en alusi\u00f3n a Patricia Bullrich.<\/p>\n<p>Pullaro es el primer gobernador de origen radical desde 1963, cuando gan\u00f3 Aldo Tessio. Frente a su trinfo, se sumaron referentes nacionales de Juntos por el Cambio,\u00a0como<strong> Patricia Bullrich, Horacio Rodr\u00edguez Larreta, Mart\u00edn Lousteau, Rogelio Frigerio, Luis Petri, Carolina Losada, Rodrigo de Loredo o Maximiliano Abad.<\/strong><\/p>\n<p>Por su parte,\u00a0<strong>Gerardo Morales<\/strong>, presidente de la UCR, envi\u00f3 un mensaje, al igual que <strong>Mauricio Macri<\/strong>\u00a0que felicit\u00f3 a Pullaro a trav\u00e9s de sus redes sociales.<\/p>\n<p><strong>Bullrich en Rosario<\/strong>: \u201cMaxi Pullaro y Gisela Scaglia han logrado atravesar\u00a0<strong>la elecci\u00f3n m\u00e1s importante que ha tenido Juntos por el Cambio en todo el pa\u00eds<\/strong>. Esta elecci\u00f3n, que entierra al kirchnerismo en Santa Fe\u201d, dijo.<\/p>\n<p>\u201cEstoy absolutamente convencida de que\u00a0<strong>con Pablo Javkin en Rosario, que con Maxi y Gisela en la provincia, y con Bullrich en la Naci\u00f3n, Rosario se libera\u00a0<\/strong>de los narcos\u201d, areng\u00f3 la candidata de Juntos por el Cambio.<\/p>\n<p>\u201cHoy, esta ola de Santa Fe da un nuevo impulso para que a nivel nacional digamos: es ahora,\u00a0<strong>es primero con Santa Fe, es con Entre R\u00edos, Chaco, Mendoza y la provincia de Buenos Aires. <\/strong>Es<strong>\u00a0<\/strong>con todo el pa\u00eds, es ahora, es momento de destruir el kirchnerismo para que no vuelva m\u00e1s una ideolog\u00eda que ha generado un mal terrible en el pa\u00eds.\u00a0<strong>Es el momento hist\u00f3rico de cambiar para siempre<\/strong>\u201d, subray\u00f3.<\/p>\n<p>Ahora\u00a0<strong>Bullrich espera sumar festejos radicales en Mendoza y Chaco\u00a0<\/strong>para reforzar su campa\u00f1a presidencial. <strong>(VW)<\/strong><\/p>\n","protected":false},"excerpt":{"rendered":"<p>\u201cLa provincia de\u00a0Santa Fe se tiene que alinear con el cambio que se va a dar en la Argentina\u201d, dijo Pullaro. Obtuvo 1.023.759\u00a0de votos.<\/p>\n","protected":false},"author":4,"featured_media":11739,"comment_status":"closed","ping_status":"closed","sticky":false,"template":"","format":"standard","meta":{"_monsterinsights_skip_tracking":false,"_monsterinsights_sitenote_active":false,"_monsterinsights_sitenote_note":"","_monsterinsights_sitenote_category":0,"footnotes":""},"categories":[4],"tags":[504,340,781,4895,3168],"class_list":["post-11738","post","type-post","status-publish","format-standard","has-post-thumbnail","hentry","category-politica","tag-bullrich","tag-elecciones","tag-juntos-por-el-cambio","tag-maximiiano-pullaro","tag-santa-fe"],"_links":{"self":[{"href":"https:\/\/www.visionweb.com.ar\/index.php?rest_route=\/wp\/v2\/posts\/11738","targetHints":{"allow":["GET"]}}],"collection":[{"href":"https:\/\/www.visionweb.com.ar\/index.php?rest_route=\/wp\/v2\/posts"}],"about":[{"href":"https:\/\/www.visionweb.com.ar\/index.php?rest_route=\/wp\/v2\/types\/post"}],"author":[{"embeddable":true,"href":"https:\/\/www.visionweb.com.ar\/index.php?rest_route=\/wp\/v2\/users\/4"}],"replies":[{"embeddable":true,"href":"https:\/\/www.visionweb.com.ar\/index.php?rest_route=%2Fwp%2Fv2%2Fcomments&post=11738"}],"version-history":[{"count":1,"href":"https:\/\/www.visionweb.com.ar\/index.php?rest_route=\/wp\/v2\/posts\/11738\/revisions"}],"predecessor-version":[{"id":11740,"href":"https:\/\/www.visionweb.com.ar\/index.php?rest_route=\/wp\/v2\/posts\/11738\/revisions\/11740"}],"wp:featuredmedia":[{"embeddable":true,"href":"https:\/\/www.visionweb.com.ar\/index.php?rest_route=\/wp\/v2\/media\/11739"}],"wp:attachment":[{"href":"https:\/\/www.visionweb.com.ar\/index.php?rest_route=%2Fwp%2Fv2%2Fmedia&parent=11738"}],"wp:term":[{"taxonomy":"category","embeddable":true,"href":"https:\/\/www.visionweb.com.ar\/index.php?rest_route=%2Fwp%2Fv2%2Fcategories&post=11738"},{"taxonomy":"post_tag","embeddable":true,"href":"https:\/\/www.visionweb.com.ar\/index.php?rest_route=%2Fwp%2Fv2%2Ftags&post=11738"}],"curies":[{"name":"wp","href":"https:\/\/api.w.org\/{rel}","templated":true}]}}