{"id":11734,"date":"2023-09-11T10:02:25","date_gmt":"2023-09-11T13:02:25","guid":{"rendered":"https:\/\/www.visionweb.com.ar\/?p=11734"},"modified":"2023-09-11T10:02:25","modified_gmt":"2023-09-11T13:02:25","slug":"massa-y-el-nuevo-proyecto-de-ganancias-para-la-clase-media","status":"publish","type":"post","link":"https:\/\/www.visionweb.com.ar\/?p=11734","title":{"rendered":"Massa y el nuevo proyecto de Ganancias para la clase media"},"content":{"rendered":"<p><em><strong>El objetivo es que ning\u00fan trabajador pague el\u00a0Impuesto a las Ganancias, tampoco jubilados, salvo los CEOs, directores de empresas. Se busca que el nuevo m\u00ednimo no imponible para el tributo sea 1 mill\u00f3n de pesos (brutos).<\/strong><\/em><!--more--><\/p>\n<p><strong><img loading=\"lazy\" decoding=\"async\" class=\"size-medium wp-image-6687 alignright\" src=\"https:\/\/www.visionweb.com.ar\/wp-content\/uploads\/2022\/08\/SERGIO-MASSA-300x169.png\" alt=\"\" width=\"300\" height=\"169\" srcset=\"https:\/\/www.visionweb.com.ar\/wp-content\/uploads\/2022\/08\/SERGIO-MASSA-300x169.png 300w, https:\/\/www.visionweb.com.ar\/wp-content\/uploads\/2022\/08\/SERGIO-MASSA.png 640w\" sizes=\"auto, (max-width: 300px) 100vw, 300px\" \/>\u00a0 E<\/strong>l ministro de Econom\u00eda y candidato presidencial de UP, recibir\u00e1 esta tarde a autoridades de la C\u00e1mara de Diputados y dirigentes de la CGT, CTA y otros gremios, para avanzar con el nuevo esquema, que busca que todos los trabajadores dejen de pagar el impuesto.<\/p>\n<p>Esta modificaci\u00f3n abarcar\u00eda a casi la totalidad de los trabajadores en relaci\u00f3n de dependencia y jubilados, con un piso de $1 mill\u00f3n bruto, lo cual generar\u00eda una mejora en el sueldo de bolsillo de hasta casi 28 por ciento para los beneficiarios de estos cambios.<\/p>\n<p>Massa hab\u00eda adelantado en la semana, que si era Presidente, \u201co antes\u201d, conforme expres\u00f3, pretend\u00eda eliminar el pago de Ganancias para la gran mayor\u00eda de los trabajadores en relaci\u00f3n de dependencia, y tambi\u00e9n jubilados que abonan el tributo.<\/p>\n<p>El encuentro de hoy se llevar\u00e1 a cabo a partir de las 17 en el quinto piso del\u00a0<strong>Palacio de Hacienda<\/strong>, donde tambi\u00e9n participar\u00e1n la ministra de Trabajo Raquel \u201cKelly\u201d Olmos, junto a dirigentes sindicales como H\u00e9ctor Daer, Hugo Moyano, Carlos Acu\u00f1a, Sergio Palazzo, Guillermo Moser y Hugo Yasky, entre otros.<\/p>\n<p>\u201cS\u00f3lo estar\u00e1n alcanzados los directores de las sociedades an\u00f3nimas, los CEOs, gerentes y subgerentes y pensiones de privilegio que implicar\u00e1n un porcentaje muy menor del total de empleados en relaci\u00f3n de dependencia de todo el pa\u00eds\u201d, aclararon. Se busca un sistema que se actualice de manera autom\u00e1tica, no por el Salario M\u00ednimo Vital y M\u00f3vil.<\/p>\n<p>\u201cLa propuesta para que dejen de pagar el impuesto a las Ganancias los integrantes de la cuarta categor\u00eda de trabajadores y jubilados requiere de una ley, ya que adem\u00e1s de ser materia tributaria es un impuesto de ejercicio anual\u201d, explicaron desde la cartera.<\/p>\n<p>De esa forma dejar\u00eda de tener efectos a partir del 1 de enero de 2024. \u201cSin embargo, se implementar\u00e1 un <strong>esquema puente<\/strong> con similares beneficios a partir de las remuneraciones de octubre de este a\u00f1o\u201d, dice el texto.<\/p>\n<p>\u201cEstamos preparando una medida que tenga impacto para el 2024 pero tambi\u00e9n para este a\u00f1o\u201d, \u00a0hab\u00edan adelantado desde Econom\u00eda la semana pasada.<\/p>\n<p>Seg\u00fan datos oficiales, luego de la \u00faltima medida tomada por Econom\u00eda est\u00e1n exentos de Ganancias en la actualidad, los sueldos de hasta poco m\u00e1s de 700.000 pesos. La proyecci\u00f3n con los incrementos salariales a diciembre de 2023 es de 890.000 retenidos en el impuesto. Esa cifra representa a un 7 por ciento de los trabajadores en relaci\u00f3n dependencia. <strong>(VW)<\/strong><\/p>\n","protected":false},"excerpt":{"rendered":"<p>El objetivo es que ning\u00fan trabajador pague el\u00a0Impuesto a las Ganancias, tampoco jubilados, salvo los CEOs, directores de empresas. Se busca que el nuevo m\u00ednimo no imponible para el tributo sea 1 mill\u00f3n de&#46;&#46;&#46;<\/p>\n","protected":false},"author":4,"featured_media":6687,"comment_status":"closed","ping_status":"closed","sticky":false,"template":"","format":"standard","meta":{"_monsterinsights_skip_tracking":false,"_monsterinsights_sitenote_active":false,"_monsterinsights_sitenote_note":"","_monsterinsights_sitenote_category":0,"footnotes":""},"categories":[6],"tags":[2341,869,4891],"class_list":["post-11734","post","type-post","status-publish","format-standard","has-post-thumbnail","hentry","category-economia","tag-ganancias","tag-massa","tag-trabajadores-y-jubilados"],"_links":{"self":[{"href":"https:\/\/www.visionweb.com.ar\/index.php?rest_route=\/wp\/v2\/posts\/11734","targetHints":{"allow":["GET"]}}],"collection":[{"href":"https:\/\/www.visionweb.com.ar\/index.php?rest_route=\/wp\/v2\/posts"}],"about":[{"href":"https:\/\/www.visionweb.com.ar\/index.php?rest_route=\/wp\/v2\/types\/post"}],"author":[{"embeddable":true,"href":"https:\/\/www.visionweb.com.ar\/index.php?rest_route=\/wp\/v2\/users\/4"}],"replies":[{"embeddable":true,"href":"https:\/\/www.visionweb.com.ar\/index.php?rest_route=%2Fwp%2Fv2%2Fcomments&post=11734"}],"version-history":[{"count":1,"href":"https:\/\/www.visionweb.com.ar\/index.php?rest_route=\/wp\/v2\/posts\/11734\/revisions"}],"predecessor-version":[{"id":11735,"href":"https:\/\/www.visionweb.com.ar\/index.php?rest_route=\/wp\/v2\/posts\/11734\/revisions\/11735"}],"wp:featuredmedia":[{"embeddable":true,"href":"https:\/\/www.visionweb.com.ar\/index.php?rest_route=\/wp\/v2\/media\/6687"}],"wp:attachment":[{"href":"https:\/\/www.visionweb.com.ar\/index.php?rest_route=%2Fwp%2Fv2%2Fmedia&parent=11734"}],"wp:term":[{"taxonomy":"category","embeddable":true,"href":"https:\/\/www.visionweb.com.ar\/index.php?rest_route=%2Fwp%2Fv2%2Fcategories&post=11734"},{"taxonomy":"post_tag","embeddable":true,"href":"https:\/\/www.visionweb.com.ar\/index.php?rest_route=%2Fwp%2Fv2%2Ftags&post=11734"}],"curies":[{"name":"wp","href":"https:\/\/api.w.org\/{rel}","templated":true}]}}