{"id":11731,"date":"2023-09-08T11:46:54","date_gmt":"2023-09-08T14:46:54","guid":{"rendered":"https:\/\/www.visionweb.com.ar\/?p=11731"},"modified":"2023-09-08T11:46:54","modified_gmt":"2023-09-08T14:46:54","slug":"expo-congreso-nosotras-producimos-en-avellaneda","status":"publish","type":"post","link":"https:\/\/www.visionweb.com.ar\/?p=11731","title":{"rendered":"Expo Congreso \u201cNosotras producimos en \u00abAvellaneda\u00bb"},"content":{"rendered":"<div class=\"vw-post-content clearfix\">\n<p><em><strong>Se propone<\/strong><strong>discutir sobre las desigualdades por razones de g\u00e9nero que afectan profundamente la matriz productiva y el mundo del trabajo, y que se expresa de diferentes maneras<\/strong>.<\/em><\/p>\n<p><!--more--><\/p>\n<\/div>\n<p><img loading=\"lazy\" decoding=\"async\" class=\"size-medium wp-image-11732 alignleft\" src=\"https:\/\/www.visionweb.com.ar\/wp-content\/uploads\/2023\/09\/EXPO-NOSOTRAS-300x300.png\" alt=\"\" width=\"300\" height=\"300\" srcset=\"https:\/\/www.visionweb.com.ar\/wp-content\/uploads\/2023\/09\/EXPO-NOSOTRAS-300x300.png 300w, https:\/\/www.visionweb.com.ar\/wp-content\/uploads\/2023\/09\/EXPO-NOSOTRAS-150x150.png 150w, https:\/\/www.visionweb.com.ar\/wp-content\/uploads\/2023\/09\/EXPO-NOSOTRAS-80x80.png 80w, https:\/\/www.visionweb.com.ar\/wp-content\/uploads\/2023\/09\/EXPO-NOSOTRAS-320x320.png 320w, https:\/\/www.visionweb.com.ar\/wp-content\/uploads\/2023\/09\/EXPO-NOSOTRAS-65x65.png 65w, https:\/\/www.visionweb.com.ar\/wp-content\/uploads\/2023\/09\/EXPO-NOSOTRAS.png 640w\" sizes=\"auto, (max-width: 300px) 100vw, 300px\" \/>La segunda edici\u00f3n de la <strong>Expo Congreso \u201cNosotras Producimos\u201d<\/strong>\u00a0se llevar\u00e1 a cabo la pr\u00f3xima semana en el Parque Municipal Multiprop\u00f3stios del distrito de Avellaneda. La iniciativa busca propiciar acciones para la autonom\u00eda econ\u00f3mica de las mujeres y el colectivo LGTBI+.<\/p>\n<div class=\"vw-post-content clearfix\">\n<p>Esta iniciativa,impulsada por\u00a0<a href=\"https:\/\/www.gba.gob.ar\/\" target=\"_blank\" rel=\"noopener\" data-type=\"URL\" data-id=\"https:\/\/www.gba.gob.ar\/\">gobierno de la Provincia de Buenos Aires<\/a>, iniciar\u00e1 el pr\u00f3ximo mi\u00e9rcoles 13 de septiembre a las 10. Tendr\u00e1 lugar en el Parque Municipal Multiprop\u00f3sitos, ubicado en la calle Gral. G\u00fcemes 700, perteneciente al partido de\u00a0<strong>Avellaneda<\/strong>.<\/p>\n<p><strong>Nosotras Producimos<\/strong>\u00a0busca<strong>\u00a0propiciar acciones para la autonom\u00eda econ\u00f3mica de las mujeres y LGTBI+ de la Provincia<\/strong>. Durante la jornada se desarrollar\u00e1n encuentros para el intercambio de experiencias y vinculaci\u00f3n de diferentes actoras y actores de la comunidad productiva como las y los trabajadores, empresas, sindicatos, mutuales, emprendedoras, cooperativistas y otras formas de asociatividad.<\/p>\n<p>Se propone\u00a0<strong>discutir sobre las desigualdades por razones de g\u00e9nero que afectan profundamente la matriz productiva y el mundo del trabajo, y que se expresa de diferentes maneras<\/strong>. En este contexto, es compromiso del Gobierno de la Provincia de Buenos Aires implementar pol\u00edticas p\u00fablicas que aborden las numerosas dimensiones que reproducen y constituyen las desigualdades.<\/p>\n<p>Este proyecto tiene como objetivo\u00a0<strong>la visualizaci\u00f3n del trabajo de mujeres y LGBTI+<\/strong> para dar mayor inclusi\u00f3n e igualdad de condiciones para el acceso, permanencia, ascenso, reducci\u00f3n de brechas, corresponsabilidad de los cuidados y erradicaci\u00f3n de las violencias<strong>(VW)<\/strong>.<\/p>\n<\/div>\n<p>&nbsp;<\/p>\n","protected":false},"excerpt":{"rendered":"<p>Se proponediscutir sobre las desigualdades por razones de g\u00e9nero que afectan profundamente la matriz productiva y el mundo del trabajo, y que se expresa de diferentes maneras.<\/p>\n","protected":false},"author":3,"featured_media":11732,"comment_status":"closed","ping_status":"closed","sticky":false,"template":"","format":"standard","meta":{"_monsterinsights_skip_tracking":false,"_monsterinsights_sitenote_active":false,"_monsterinsights_sitenote_note":"","_monsterinsights_sitenote_category":0,"footnotes":""},"categories":[5],"tags":[83,4890,33],"class_list":["post-11731","post","type-post","status-publish","format-standard","has-post-thumbnail","hentry","category-sociedad","tag-avellaneda","tag-lgtb","tag-produccion"],"_links":{"self":[{"href":"https:\/\/www.visionweb.com.ar\/index.php?rest_route=\/wp\/v2\/posts\/11731","targetHints":{"allow":["GET"]}}],"collection":[{"href":"https:\/\/www.visionweb.com.ar\/index.php?rest_route=\/wp\/v2\/posts"}],"about":[{"href":"https:\/\/www.visionweb.com.ar\/index.php?rest_route=\/wp\/v2\/types\/post"}],"author":[{"embeddable":true,"href":"https:\/\/www.visionweb.com.ar\/index.php?rest_route=\/wp\/v2\/users\/3"}],"replies":[{"embeddable":true,"href":"https:\/\/www.visionweb.com.ar\/index.php?rest_route=%2Fwp%2Fv2%2Fcomments&post=11731"}],"version-history":[{"count":1,"href":"https:\/\/www.visionweb.com.ar\/index.php?rest_route=\/wp\/v2\/posts\/11731\/revisions"}],"predecessor-version":[{"id":11733,"href":"https:\/\/www.visionweb.com.ar\/index.php?rest_route=\/wp\/v2\/posts\/11731\/revisions\/11733"}],"wp:featuredmedia":[{"embeddable":true,"href":"https:\/\/www.visionweb.com.ar\/index.php?rest_route=\/wp\/v2\/media\/11732"}],"wp:attachment":[{"href":"https:\/\/www.visionweb.com.ar\/index.php?rest_route=%2Fwp%2Fv2%2Fmedia&parent=11731"}],"wp:term":[{"taxonomy":"category","embeddable":true,"href":"https:\/\/www.visionweb.com.ar\/index.php?rest_route=%2Fwp%2Fv2%2Fcategories&post=11731"},{"taxonomy":"post_tag","embeddable":true,"href":"https:\/\/www.visionweb.com.ar\/index.php?rest_route=%2Fwp%2Fv2%2Ftags&post=11731"}],"curies":[{"name":"wp","href":"https:\/\/api.w.org\/{rel}","templated":true}]}}