{"id":11724,"date":"2023-09-08T10:38:46","date_gmt":"2023-09-08T13:38:46","guid":{"rendered":"https:\/\/www.visionweb.com.ar\/?p=11724"},"modified":"2023-09-08T10:38:46","modified_gmt":"2023-09-08T13:38:46","slug":"llegan-las-facturas-de-aysa-con-fuertes-aumentos-y-disminucion-de-subsidios","status":"publish","type":"post","link":"https:\/\/www.visionweb.com.ar\/?p=11724","title":{"rendered":"Llegan las facturas de AYSA con fuertes aumentos y disminuci\u00f3n de subsidios"},"content":{"rendered":"<p><em><strong>Las subas de tarifas arrancaron desde el 1 de agosto. Para los sectores medios y bajos habr\u00e1 quita de subsidios y nuevas alzas en los pr\u00f3ximos meses.<\/strong> <strong>Los usuarios conocieron el aumento en los \u00faltimos d\u00edas, cuando empezaron a llegar las facturas.<\/strong><\/em><!--more--><\/p>\n<p><strong><img loading=\"lazy\" decoding=\"async\" class=\"size-full wp-image-11726 alignright\" src=\"https:\/\/www.visionweb.com.ar\/wp-content\/uploads\/2023\/09\/aysa-3.png\" alt=\"\" width=\"298\" height=\"166\" \/>\u00a0\u00a0 E<\/strong>n medio de la inestabilidad econ\u00f3mica, los usuarios de AYSA empezaron a recibir facturas con<strong>\u00a0subas que van entre 20% y 197%<\/strong>, que en algunos casos, se deben al plan de quita de subsidios que lleva a cabo el Gobierno, y as\u00ed los consumidores, deben afrontar gastos cada d\u00eda m\u00e1s grandes en plena inflaci\u00f3n.<\/p>\n<p>Estos porcentuales reflejados en las facturas, llevan el aumento de este servicio en los <strong>\u00faltimos 10 meses a un acumulado del\u00a0727%<\/strong>, por encima de la escalada de las tarifas de luz y gas, en el mismo per\u00edodo.<\/p>\n<p>La explicaci\u00f3n es que en el caso de AYSA,<strong>\u00a0la empresa a cargo de Malena Galmarini, <\/strong>esposa del ministro y candidato Sergio Massa, las tarifas se basan en un esquema geogr\u00e1fico y de valuaci\u00f3n inmobiliaria. Y lo definieron mediante tres bloques de usuarios en\u00a0<strong>\u00abzonas de valor alto, medio y bajo\u00bb<\/strong>.<\/p>\n<p>A diferencia de los servicios de luz y gas donde la segmentaci\u00f3n de los aumentos es por niveles de ingresos, el incremento de Aysa entr\u00f3 en vigencia en agosto como producto de una combinaci\u00f3n entre el alza del coeficiente tarifario que fija el costo del servicio, y la quita de subsidios.<\/p>\n<p>Este a\u00f1o AYSA obtuvo el aval del ministerio de Obras P\u00fablicas para\u00a0<strong>actualizar el \u201cCoeficiente de Ajuste Tarifario\u201d<\/strong>\u00a0que utiliza para facturar y cubrir los costos operativos de la compa\u00f1\u00eda, y aumentarlo casi un 200%, y llevarlo de un coeficiente de 112,9079 a 364,7816.<\/p>\n<p>Sobre este nuevo coeficiente se aplic\u00f3 en agosto la quita de subsidios que ya estaba pactada desde el a\u00f1o pasado.<\/p>\n<p>De esta manera,<strong> a partir del 1 agosto rige un aumento del 197% para los sectores altos,<\/strong>\u00a0que ya no reciben ning\u00fan tipo de subsidio desde hace cuatro meses. Seg\u00fan estimaciones del mercado,\u00a0<strong>para este segmento el incremento llega a 727% desde noviembre pasado.<\/strong><\/p>\n<p>En los sectores <strong>medios<\/strong>,\u00a0<strong>el salto tarifario para agosto y septiembre alcanza al 80%<\/strong>\u00a0y habr\u00e1 otro del 33% para el bimestre octubre-noviembre, y se prev\u00e9 que este segmento empiece a pagar la tarifa completa -sin ning\u00fan subsidio- en diciembre pr\u00f3ximo.<\/p>\n<p>A la vez, los usuarios de las zonas de valor <strong>bajo<\/strong> tendr\u00e1n el<strong> 60% del subsidio <\/strong>de la tarifa del agua<strong> hasta fines de septiembre, mientras que\u00a0a partir de octubre a noviembre ser\u00e1 hasta el 45%. T<\/strong>odas estas alzas son consecuencia de que se ir\u00e1 reduciendo el subsidio,\u00a0<strong>hasta mantenerlo en un piso del 15% a partir de marzo del 2024.<\/strong><\/p>\n<p>Mientras que quienes tengan Tarifa Social seguir\u00e1n pagando los valores actuales.<\/p>\n<div id=\"attachment_11727\" style=\"width: 310px\" class=\"wp-caption aligncenter\"><img loading=\"lazy\" decoding=\"async\" aria-describedby=\"caption-attachment-11727\" class=\"wp-image-11727 size-medium\" src=\"https:\/\/www.visionweb.com.ar\/wp-content\/uploads\/2023\/09\/a-comunic-aysa-300x112.png\" alt=\"\" width=\"300\" height=\"112\" srcset=\"https:\/\/www.visionweb.com.ar\/wp-content\/uploads\/2023\/09\/a-comunic-aysa-300x112.png 300w, https:\/\/www.visionweb.com.ar\/wp-content\/uploads\/2023\/09\/a-comunic-aysa.png 564w\" sizes=\"auto, (max-width: 300px) 100vw, 300px\" \/><p id=\"caption-attachment-11727\" class=\"wp-caption-text\">Detalle del mail que emiti\u00f3 Aysa a los usuarios el d\u00eda 7 de septiembre.<\/p><\/div>\n<p>En agosto, en medio de la campa\u00f1a electoral con Malena Galmarini como precandidata a la intendencia de Tigre,<strong>\u00a0<\/strong>la suba tarifaria se produjo por una resoluci\u00f3n sin que mediara ning\u00fan comunicado de parte de la empresa.<\/p>\n<p>Mientras que en esta semana de septiembre, la empresa comunic\u00f3 la quita de subsidios y aumentos, mediante un mail generalizado a los usuarios. <strong>(VW)<\/strong><\/p>\n","protected":false},"excerpt":{"rendered":"<p>Las subas de tarifas arrancaron desde el 1 de agosto. Para los sectores medios y bajos habr\u00e1 quita de subsidios y nuevas alzas en los pr\u00f3ximos meses. Los usuarios conocieron el aumento en los&#46;&#46;&#46;<\/p>\n","protected":false},"author":4,"featured_media":11727,"comment_status":"closed","ping_status":"closed","sticky":false,"template":"","format":"standard","meta":{"_monsterinsights_skip_tracking":false,"_monsterinsights_sitenote_active":false,"_monsterinsights_sitenote_note":"","_monsterinsights_sitenote_category":0,"footnotes":""},"categories":[6,5],"tags":[787,4887,4888,3093],"class_list":["post-11724","post","type-post","status-publish","format-standard","has-post-thumbnail","hentry","category-economia","category-sociedad","tag-aysa","tag-facturas-con-aumentos","tag-malena-galmarini","tag-quita-de-subsidios"],"_links":{"self":[{"href":"https:\/\/www.visionweb.com.ar\/index.php?rest_route=\/wp\/v2\/posts\/11724","targetHints":{"allow":["GET"]}}],"collection":[{"href":"https:\/\/www.visionweb.com.ar\/index.php?rest_route=\/wp\/v2\/posts"}],"about":[{"href":"https:\/\/www.visionweb.com.ar\/index.php?rest_route=\/wp\/v2\/types\/post"}],"author":[{"embeddable":true,"href":"https:\/\/www.visionweb.com.ar\/index.php?rest_route=\/wp\/v2\/users\/4"}],"replies":[{"embeddable":true,"href":"https:\/\/www.visionweb.com.ar\/index.php?rest_route=%2Fwp%2Fv2%2Fcomments&post=11724"}],"version-history":[{"count":1,"href":"https:\/\/www.visionweb.com.ar\/index.php?rest_route=\/wp\/v2\/posts\/11724\/revisions"}],"predecessor-version":[{"id":11728,"href":"https:\/\/www.visionweb.com.ar\/index.php?rest_route=\/wp\/v2\/posts\/11724\/revisions\/11728"}],"wp:featuredmedia":[{"embeddable":true,"href":"https:\/\/www.visionweb.com.ar\/index.php?rest_route=\/wp\/v2\/media\/11727"}],"wp:attachment":[{"href":"https:\/\/www.visionweb.com.ar\/index.php?rest_route=%2Fwp%2Fv2%2Fmedia&parent=11724"}],"wp:term":[{"taxonomy":"category","embeddable":true,"href":"https:\/\/www.visionweb.com.ar\/index.php?rest_route=%2Fwp%2Fv2%2Fcategories&post=11724"},{"taxonomy":"post_tag","embeddable":true,"href":"https:\/\/www.visionweb.com.ar\/index.php?rest_route=%2Fwp%2Fv2%2Ftags&post=11724"}],"curies":[{"name":"wp","href":"https:\/\/api.w.org\/{rel}","templated":true}]}}