{"id":11721,"date":"2023-09-08T09:05:49","date_gmt":"2023-09-08T12:05:49","guid":{"rendered":"https:\/\/www.visionweb.com.ar\/?p=11721"},"modified":"2023-09-08T09:05:49","modified_gmt":"2023-09-08T12:05:49","slug":"lomas-de-zamora-festejara-su-162-aniversario","status":"publish","type":"post","link":"https:\/\/www.visionweb.com.ar\/?p=11721","title":{"rendered":"Lomas de Zamora festejar\u00e1 su 162 aniversario"},"content":{"rendered":"<p><em><strong>Ser\u00e1 el pr\u00f3ximo domingo en la Plaza Grigera, con la presentaci\u00f3n Los Carabajal y Lit Killah. Tambi\u00e9n habr\u00e1 feria de artesanos y gran propuesta gastron\u00f3mica.<\/strong><\/em><!--more--><\/p>\n<p><img loading=\"lazy\" decoding=\"async\" class=\"size-medium wp-image-11722 alignright\" src=\"https:\/\/www.visionweb.com.ar\/wp-content\/uploads\/2023\/09\/a-lomas-2-300x225.png\" alt=\"\" width=\"300\" height=\"225\" srcset=\"https:\/\/www.visionweb.com.ar\/wp-content\/uploads\/2023\/09\/a-lomas-2-300x225.png 300w, https:\/\/www.visionweb.com.ar\/wp-content\/uploads\/2023\/09\/a-lomas-2-320x240.png 320w, https:\/\/www.visionweb.com.ar\/wp-content\/uploads\/2023\/09\/a-lomas-2.png 448w\" sizes=\"auto, (max-width: 300px) 100vw, 300px\" \/>\u00a0 <strong>E<\/strong>l Municipio de Lomas de Zamora ofrecer\u00e1 el <strong>pr\u00f3ximo\u00a0domingo 10 de septiembre un evento libre y gratuito\u00a0<\/strong>en el marco de la celebraci\u00f3n por el <strong>162 aniversario del distrito<\/strong>, bajo el lema\u00a0<strong>Lomas Celebra<\/strong>, con\u00a0shows musicales y diversas atracciones para toda la comunidad.<\/p>\n<p>Los festejos por los 162 a\u00f1os de vida del municipio ser\u00e1n desde las 14 horas, en la renovada\u00a0<strong>Plaza Grigera<\/strong>, en Avenida Hip\u00f3lito Yrigoyen al 8700.<\/p>\n<p>El show musical estar\u00e1 a cargo del\u00a0<strong>artista urbano Lit Killah quien se presentar\u00e1 en Lomas por segunda vez en el a\u00f1o<\/strong>, tras haber actuado en los festejos por Carnaval. En esta presentaci\u00f3n anuncian un show renovado, donde no faltar\u00e1n sus \u00e9xitos y su cuota de freestyle.<\/p>\n<p>Adem\u00e1s, el escenario contar\u00e1 con la\u00a0<strong>agrupaci\u00f3n santiague\u00f1a Los Carabajal, con un espect\u00e1culo de folklore\u00a0<\/strong>donde participar\u00e1n varias generaciones de m\u00fasicos de esa familia.<\/p>\n<p>Tambi\u00e9n \u201cLomas Celebra\u201d contar\u00e1 con una importante oferta gastron\u00f3mica con la tradicional Expo Colectividades, y la feria de artesanos que expondr\u00e1n sus productos y creaciones a la venta.<\/p>\n<p>Desde el Municipio, y en el marco de <strong>Lomas Celebra<\/strong>, informaron que habr\u00e1 diversos festejos planificados<strong> en todos los barrios del distrito,\u00a0<\/strong>que se efectuar\u00e1n durante todo el mes. <strong>(VW)<\/strong><\/p>\n","protected":false},"excerpt":{"rendered":"<p>Ser\u00e1 el pr\u00f3ximo domingo en la Plaza Grigera, con la presentaci\u00f3n Los Carabajal y Lit Killah. Tambi\u00e9n habr\u00e1 feria de artesanos y gran propuesta gastron\u00f3mica.<\/p>\n","protected":false},"author":4,"featured_media":11722,"comment_status":"closed","ping_status":"closed","sticky":false,"template":"","format":"standard","meta":{"_monsterinsights_skip_tracking":false,"_monsterinsights_sitenote_active":false,"_monsterinsights_sitenote_note":"","_monsterinsights_sitenote_category":0,"footnotes":""},"categories":[8],"tags":[4885,4884,4886],"class_list":["post-11721","post","type-post","status-publish","format-standard","has-post-thumbnail","hentry","category-interes-general","tag-162-aniversario","tag-lomas-celebra","tag-shows-en-plaza-grigera"],"_links":{"self":[{"href":"https:\/\/www.visionweb.com.ar\/index.php?rest_route=\/wp\/v2\/posts\/11721","targetHints":{"allow":["GET"]}}],"collection":[{"href":"https:\/\/www.visionweb.com.ar\/index.php?rest_route=\/wp\/v2\/posts"}],"about":[{"href":"https:\/\/www.visionweb.com.ar\/index.php?rest_route=\/wp\/v2\/types\/post"}],"author":[{"embeddable":true,"href":"https:\/\/www.visionweb.com.ar\/index.php?rest_route=\/wp\/v2\/users\/4"}],"replies":[{"embeddable":true,"href":"https:\/\/www.visionweb.com.ar\/index.php?rest_route=%2Fwp%2Fv2%2Fcomments&post=11721"}],"version-history":[{"count":1,"href":"https:\/\/www.visionweb.com.ar\/index.php?rest_route=\/wp\/v2\/posts\/11721\/revisions"}],"predecessor-version":[{"id":11723,"href":"https:\/\/www.visionweb.com.ar\/index.php?rest_route=\/wp\/v2\/posts\/11721\/revisions\/11723"}],"wp:featuredmedia":[{"embeddable":true,"href":"https:\/\/www.visionweb.com.ar\/index.php?rest_route=\/wp\/v2\/media\/11722"}],"wp:attachment":[{"href":"https:\/\/www.visionweb.com.ar\/index.php?rest_route=%2Fwp%2Fv2%2Fmedia&parent=11721"}],"wp:term":[{"taxonomy":"category","embeddable":true,"href":"https:\/\/www.visionweb.com.ar\/index.php?rest_route=%2Fwp%2Fv2%2Fcategories&post=11721"},{"taxonomy":"post_tag","embeddable":true,"href":"https:\/\/www.visionweb.com.ar\/index.php?rest_route=%2Fwp%2Fv2%2Ftags&post=11721"}],"curies":[{"name":"wp","href":"https:\/\/api.w.org\/{rel}","templated":true}]}}