{"id":11718,"date":"2023-09-07T15:14:43","date_gmt":"2023-09-07T18:14:43","guid":{"rendered":"https:\/\/www.visionweb.com.ar\/?p=11718"},"modified":"2023-09-07T15:14:43","modified_gmt":"2023-09-07T18:14:43","slug":"dia-del-empleado-de-comercio-cambio-la-fecha-de-celebracion","status":"publish","type":"post","link":"https:\/\/www.visionweb.com.ar\/?p=11718","title":{"rendered":"D\u00eda del Empleado de Comercio: Cambi\u00f3 la fecha de celebraci\u00f3n"},"content":{"rendered":"<p><em><strong>Este 2023, ser\u00e1 el 25 de septiembre. Se modific\u00f3 la fecha ya que muchos sindicatos decidieron cambiar la fecha para tener un fin de semana largo.<\/strong><\/em><!--more--><\/p>\n<p><strong><img loading=\"lazy\" decoding=\"async\" class=\"size-medium wp-image-11719 alignright\" src=\"https:\/\/www.visionweb.com.ar\/wp-content\/uploads\/2023\/09\/a-comercio-300x152.png\" alt=\"\" width=\"300\" height=\"152\" srcset=\"https:\/\/www.visionweb.com.ar\/wp-content\/uploads\/2023\/09\/a-comercio-300x152.png 300w, https:\/\/www.visionweb.com.ar\/wp-content\/uploads\/2023\/09\/a-comercio.png 406w\" sizes=\"auto, (max-width: 300px) 100vw, 300px\" \/>\u00a0 E<\/strong>l d\u00eda de la celebraci\u00f3n del<strong> Empleado de Comercio <\/strong>es el 26 de septiembre, pero este 2023 la jornada cae martes, y algunos\u00a0sindicatos\u00a0decidieron<strong> pasar el\u00a0asueto\u00a0al lunes 25 de septiembre. <\/strong><\/p>\n<p>Seg\u00fan dispuso la<strong> Federaci\u00f3n Argentina de Empleados de Comercio y Servicios (Faecys), <\/strong>conducida por Armando Cavalieri,<strong> el D\u00eda del Empleado de comercio que originalmente se celebrar\u00eda el martes 26 de septiembre, este a\u00f1o\u00a0pasar\u00e1 al lunes 25 de septiembre. <\/strong><\/p>\n<p>Con esta disposici\u00f3n, los trabajadores del rubro tendr\u00e1n un fin de semana largo de tres d\u00edas, <strong>por lo que\u00a0comercios, shoppings y locales permanecer\u00e1n cerrados.<\/strong><\/p>\n<p>Cabe recordar, que un 26 de septiembre de 1933 se sancion\u00f3 la Ley 11.729, que modificaba varios art\u00edculos del C\u00f3digo de Comercio con el fin de establecer indemnizaciones por despido, vacaciones anuales pagas, aguinaldo y m\u00e1s derechos que marcaron un antes y un despu\u00e9s para los trabajadores del rubro.<\/p>\n<p>A su vez, el\u00a011 de noviembre de 2000 se sancion\u00f3 la Ley 26.541, que establece la creaci\u00f3n del D\u00eda del Empleado de Comercio. Esta norma determina que los empleados de comercio no prestar\u00e1n labores, asimil\u00e1ndose el mismo a los feriados nacionales.<\/p>\n<p><strong>Qui\u00e9nes no trabajan: <\/strong>De acuerdo al Convenio Colectivo de Trabajo (CCT), son empleados de comercio aquellas personas que realizan\u00a0<strong>tareas de maestranza y servicios, tareas administrativas, personal auxiliar que realice tareas de reparaci\u00f3n, auxiliares especializados y personal de ventas<\/strong>.<\/p>\n<p>Por esta raz\u00f3n, muchos supermercados, tiendas de indumentaria y calzado, jugueter\u00edas, bazares, kioscos, almacenes y shoppings permanecer\u00e1n cerrados. Quedan exceptuados lo peque\u00f1os locales barriales o que est\u00e9n atendidos por sus propios due\u00f1os o familiares.<\/p>\n<p>Aquellos trabajadores y trabajadoras que no trabajan, tendr\u00e1n descanso ese d\u00eda y su remuneraci\u00f3n mensual no variar\u00e1. Es importante aclarar que no podr\u00e1 descontarse el d\u00eda ni otorgarse como franco compensatorio de descanso semanal.<\/p>\n<p>Por su parte, los que s\u00ed trabajan este D\u00eda del Empleado de Comercio\u00a0<strong>recibir\u00e1n pago doble<\/strong>, es decir, un recargo equivalente del 100 por ciento, al igual que ocurre en cualquier feriado. <strong>(VW)<\/strong><\/p>\n","protected":false},"excerpt":{"rendered":"<p>Este 2023, ser\u00e1 el 25 de septiembre. Se modific\u00f3 la fecha ya que muchos sindicatos decidieron cambiar la fecha para tener un fin de semana largo.<\/p>\n","protected":false},"author":4,"featured_media":11719,"comment_status":"closed","ping_status":"closed","sticky":false,"template":"","format":"standard","meta":{"_monsterinsights_skip_tracking":false,"_monsterinsights_sitenote_active":false,"_monsterinsights_sitenote_note":"","_monsterinsights_sitenote_category":0,"footnotes":""},"categories":[8,5],"tags":[4881,4883,4880,4882],"class_list":["post-11718","post","type-post","status-publish","format-standard","has-post-thumbnail","hentry","category-interes-general","category-sociedad","tag-cambio-la-fecha-de-celebracion","tag-cavallieri","tag-dia-del-empleado-de-comercio","tag-faecys"],"_links":{"self":[{"href":"https:\/\/www.visionweb.com.ar\/index.php?rest_route=\/wp\/v2\/posts\/11718","targetHints":{"allow":["GET"]}}],"collection":[{"href":"https:\/\/www.visionweb.com.ar\/index.php?rest_route=\/wp\/v2\/posts"}],"about":[{"href":"https:\/\/www.visionweb.com.ar\/index.php?rest_route=\/wp\/v2\/types\/post"}],"author":[{"embeddable":true,"href":"https:\/\/www.visionweb.com.ar\/index.php?rest_route=\/wp\/v2\/users\/4"}],"replies":[{"embeddable":true,"href":"https:\/\/www.visionweb.com.ar\/index.php?rest_route=%2Fwp%2Fv2%2Fcomments&post=11718"}],"version-history":[{"count":1,"href":"https:\/\/www.visionweb.com.ar\/index.php?rest_route=\/wp\/v2\/posts\/11718\/revisions"}],"predecessor-version":[{"id":11720,"href":"https:\/\/www.visionweb.com.ar\/index.php?rest_route=\/wp\/v2\/posts\/11718\/revisions\/11720"}],"wp:featuredmedia":[{"embeddable":true,"href":"https:\/\/www.visionweb.com.ar\/index.php?rest_route=\/wp\/v2\/media\/11719"}],"wp:attachment":[{"href":"https:\/\/www.visionweb.com.ar\/index.php?rest_route=%2Fwp%2Fv2%2Fmedia&parent=11718"}],"wp:term":[{"taxonomy":"category","embeddable":true,"href":"https:\/\/www.visionweb.com.ar\/index.php?rest_route=%2Fwp%2Fv2%2Fcategories&post=11718"},{"taxonomy":"post_tag","embeddable":true,"href":"https:\/\/www.visionweb.com.ar\/index.php?rest_route=%2Fwp%2Fv2%2Ftags&post=11718"}],"curies":[{"name":"wp","href":"https:\/\/api.w.org\/{rel}","templated":true}]}}