{"id":11715,"date":"2023-09-07T13:51:24","date_gmt":"2023-09-07T16:51:24","guid":{"rendered":"https:\/\/www.visionweb.com.ar\/?p=11715"},"modified":"2023-09-07T13:51:24","modified_gmt":"2023-09-07T16:51:24","slug":"carlos-melconian-dolarizar-a-730-es-imposible","status":"publish","type":"post","link":"https:\/\/www.visionweb.com.ar\/?p=11715","title":{"rendered":"Carlos Melconian: \u201cDolarizar a 730 es imposible\u201d"},"content":{"rendered":"<p><em><strong>Cuestion\u00f3 el plan de dolarizaci\u00f3n de Javier Milei. Carlos Melconi\u00e1n es economista y trabaja junto a Patricia Bullrich, desestim\u00f3 la idea de dolarizar a 730 que plante\u00f3\u00a0Javier Milei. Y lo explic\u00f3 con un dibujo.<\/strong><\/em><!--more--><\/p>\n<div id=\"attachment_11716\" style=\"width: 310px\" class=\"wp-caption alignright\"><img loading=\"lazy\" decoding=\"async\" aria-describedby=\"caption-attachment-11716\" class=\"wp-image-11716 size-medium\" src=\"https:\/\/www.visionweb.com.ar\/wp-content\/uploads\/2023\/09\/a-melconian-300x216.png\" alt=\"\" width=\"300\" height=\"216\" srcset=\"https:\/\/www.visionweb.com.ar\/wp-content\/uploads\/2023\/09\/a-melconian-300x216.png 300w, https:\/\/www.visionweb.com.ar\/wp-content\/uploads\/2023\/09\/a-melconian.png 456w\" sizes=\"auto, (max-width: 300px) 100vw, 300px\" \/><p id=\"caption-attachment-11716\" class=\"wp-caption-text\">\u00abDolarizar a 730 es imposible\u00bb, dijo Melconian en TN.<\/p><\/div>\n<p><strong>\u00a0 L<\/strong>a semana pasada, la candidata a la presidencia por Juntos por el Cambio, <strong>Patricia Bullrich <\/strong>anunci\u00f3 su elecci\u00f3n por<strong> Carlos Melconian <\/strong>para encabezar el Ministerio de Econom\u00eda si llega a la Casa Rosada, quien ayer mediante un dibujo explic\u00f3 por qu\u00e9 es inviable el plan libertario de dolarizar.<\/p>\n<p>El economista y el expresidente del Banco Central explic\u00f3 cu\u00e1les ser\u00edan sus primeras medidas a cargo del Palacio de Hacienda, y rechaz\u00f3 las propuestas econ\u00f3micas de\u00a0Javier Milei:<strong> \u201cLo que propone de\u00a0dolarizar\u00a0a 730, es imposible\u201d.<\/strong><\/p>\n<p>Fue anoche en la pantalla de TN, (A Dos Voces) donde Melconian plante\u00f3 la relaci\u00f3n de circulante y d\u00f3lares de respaldo en el\u00a0<strong>Banco Central. \u201cEl Banco Central es una T donde debe haber de un lado d\u00f3lares y del otro pesos\u201d. <\/strong>Y lo grafic\u00f3 en un papel.<\/p>\n<p>La explicaci\u00f3n de Melconian viene en relaci\u00f3n a la propuesta que formul\u00f3 Javier Milei en el Latam Economic Forum.<\/p>\n<p>\u00abLa dolarizaci\u00f3n consiste en que estos d\u00f3lares se cambien por los pesos que est\u00e1n ac\u00e1. Hay un precio al cual se hace ese canje y est\u00e1 dicho que a 730 se puede, y a otro precio no\u00bb, continu\u00f3 Melconian.<\/p>\n<p>Luego formul\u00f3 la dificultad:<strong> \u00abSi ac\u00e1 (en el BCRA), donde tengo que tener d\u00f3lares, tengo cero, o tengo menos diez mil, \u00bfpor cu\u00e1l n\u00famero cierra esto? Por infinito, por ninguno\u00bb, <\/strong>se autorespondi\u00f3.<\/p>\n<p>De esa manera plante\u00f3 que la idea de Milei es \u00abuna fantas\u00eda\u00bb. \u00abNo hay ning\u00fan tipo de cambio al cual esto cierra. Ac\u00e1 empiezan los inventos: Que hay unos bonos, que a 20 guitas, voy al exterior&#8230;\u00bb.<\/p>\n<p>Para terminar su explicaci\u00f3n, y con un gr\u00e1fico en un papel, Melconi\u00e1n acot\u00f3: \u00abEl 730 famoso tiene el invento de que ac\u00e1 consigo 45 mil millones de d\u00f3lares de Pap\u00e1 Noel. <strong>Hay que decir que el se\u00f1or que est\u00e1 ganando 500 d\u00f3lares a 350 pesos, al d\u00eda siguiente pasa a ganar 250 d\u00f3lares<\/strong>. Con Pap\u00e1 Noel incluido los salarios son la mitad\u00bb, concluy\u00f3. <strong>(VW)<\/strong><\/p>\n","protected":false},"excerpt":{"rendered":"<p>Cuestion\u00f3 el plan de dolarizaci\u00f3n de Javier Milei. Carlos Melconi\u00e1n es economista y trabaja junto a Patricia Bullrich, desestim\u00f3 la idea de dolarizar a 730 que plante\u00f3\u00a0Javier Milei. Y lo explic\u00f3 con un dibujo.<\/p>\n","protected":false},"author":4,"featured_media":11716,"comment_status":"closed","ping_status":"closed","sticky":false,"template":"","format":"standard","meta":{"_monsterinsights_skip_tracking":false,"_monsterinsights_sitenote_active":false,"_monsterinsights_sitenote_note":"","_monsterinsights_sitenote_category":0,"footnotes":""},"categories":[6,4],"tags":[4845,4879,4877,4878],"class_list":["post-11715","post","type-post","status-publish","format-standard","has-post-thumbnail","hentry","category-economia","category-politica","tag-carlos-melconian","tag-dibujo","tag-dolarizar","tag-javier-milei"],"_links":{"self":[{"href":"https:\/\/www.visionweb.com.ar\/index.php?rest_route=\/wp\/v2\/posts\/11715","targetHints":{"allow":["GET"]}}],"collection":[{"href":"https:\/\/www.visionweb.com.ar\/index.php?rest_route=\/wp\/v2\/posts"}],"about":[{"href":"https:\/\/www.visionweb.com.ar\/index.php?rest_route=\/wp\/v2\/types\/post"}],"author":[{"embeddable":true,"href":"https:\/\/www.visionweb.com.ar\/index.php?rest_route=\/wp\/v2\/users\/4"}],"replies":[{"embeddable":true,"href":"https:\/\/www.visionweb.com.ar\/index.php?rest_route=%2Fwp%2Fv2%2Fcomments&post=11715"}],"version-history":[{"count":1,"href":"https:\/\/www.visionweb.com.ar\/index.php?rest_route=\/wp\/v2\/posts\/11715\/revisions"}],"predecessor-version":[{"id":11717,"href":"https:\/\/www.visionweb.com.ar\/index.php?rest_route=\/wp\/v2\/posts\/11715\/revisions\/11717"}],"wp:featuredmedia":[{"embeddable":true,"href":"https:\/\/www.visionweb.com.ar\/index.php?rest_route=\/wp\/v2\/media\/11716"}],"wp:attachment":[{"href":"https:\/\/www.visionweb.com.ar\/index.php?rest_route=%2Fwp%2Fv2%2Fmedia&parent=11715"}],"wp:term":[{"taxonomy":"category","embeddable":true,"href":"https:\/\/www.visionweb.com.ar\/index.php?rest_route=%2Fwp%2Fv2%2Fcategories&post=11715"},{"taxonomy":"post_tag","embeddable":true,"href":"https:\/\/www.visionweb.com.ar\/index.php?rest_route=%2Fwp%2Fv2%2Ftags&post=11715"}],"curies":[{"name":"wp","href":"https:\/\/api.w.org\/{rel}","templated":true}]}}