{"id":11707,"date":"2023-09-07T10:29:09","date_gmt":"2023-09-07T13:29:09","guid":{"rendered":"https:\/\/www.visionweb.com.ar\/?p=11707"},"modified":"2023-09-07T10:29:09","modified_gmt":"2023-09-07T13:29:09","slug":"se-levanto-el-paro-de-colectivos-que-desde-las-cero-horas-afecto-a-los-servicios-en-el-amba","status":"publish","type":"post","link":"https:\/\/www.visionweb.com.ar\/?p=11707","title":{"rendered":"Se levant\u00f3 el paro de colectivos, que desde las cero horas afect\u00f3 a los servicios en el AMBA"},"content":{"rendered":"<p><strong><em>Estas son las l\u00edneas que ya restablecieron los servicios:<\/em><\/strong><em> <strong>148, 159, 22, 114, 338, 143, 145, 619, 300, 383., 219, 500, 372, 603, 548.<\/strong><\/em><\/p>\n<p><!--more--><\/p>\n<p><img loading=\"lazy\" decoding=\"async\" class=\"size-medium wp-image-11708 alignright\" src=\"https:\/\/www.visionweb.com.ar\/wp-content\/uploads\/2023\/09\/a-colec-300x190.png\" alt=\"\" width=\"300\" height=\"190\" srcset=\"https:\/\/www.visionweb.com.ar\/wp-content\/uploads\/2023\/09\/a-colec-300x190.png 300w, https:\/\/www.visionweb.com.ar\/wp-content\/uploads\/2023\/09\/a-colec.png 329w\" sizes=\"auto, (max-width: 300px) 100vw, 300px\" \/>\u00a0 <strong>V<\/strong>arias l\u00edneas de\u00a0<strong>colectivos\u00a0<\/strong>no operaron esta madrugada por un\u00a0<strong>paro\u00a0<\/strong>que decidieron realizar los trabajadores de dos empresas, aunque <strong>ya reanudaron la operatoria<\/strong>.<\/p>\n<p>De esta manera, desde la empresa <strong>MOQSA<\/strong> informaron hoy pasadas las 9 de la ma\u00f1ana, que <strong>levantaron el paro de colectivos<\/strong> que afectaba a una gran cantidad de l\u00edneas de colectivos del Gran Buenos Aires.<\/p>\n<p>Unos minutos despu\u00e9s, la empresa <strong>\u00abNuevo Halc\u00f3n\u00bb<\/strong> de Berazategui, inform\u00f3 que se realiz\u00f3 el dep\u00f3sito de haberes por lo que la medida de fuerza fue levantada.<\/p>\n<p><strong>Lo cierto es que trabajadores de las empresas MOQSA y El Nuevo Halc\u00f3n\u00a0<\/strong>no prestaron servicios desde las cero horas de este jueves debido a que los trabajadores decidieron llevar a cabo una abstenci\u00f3n de tareas por un <strong>reclamo gremial<\/strong>, <strong>relacionado con atraso en el pago de salarios<\/strong>.<\/p>\n<p>El reclamo sectorial y la medida de fuerza con paro en el servicio, comenz\u00f3 desde las 00:00 horas, y afect\u00f3 a usuarios del Amba y que este jueves amanecieron con esta noticia.<\/p>\n<p>A trav\u00e9s de un\u00a0<a href=\"https:\/\/twitter.com\/159MOQSA\/status\/1699589927523017086\">comunicado oficial<\/a>, la empresa\u00a0<strong>MOQSA\u00a0<\/strong>explic\u00f3 anoche:\u00a0<strong>\u00abSe informa que a partir de las 00:00 horas debido a una medida gremial se llevar\u00e1 a cabo una abstenci\u00f3n de tareas, por lo cual se ver\u00e1n afectados todos los servicios\u00bb<\/strong>.<\/p>\n<p>Por su parte, desde la empresa\u00a0<strong>El Nuevo Halc\u00f3n<\/strong>\u00a0mediante un\u00a0<a href=\"https:\/\/twitter.com\/elnuevohalcon\/status\/1699592233832337743\">un comunicado en Twitter<\/a>\u00a0donde hab\u00edan expresado: \u00abAtenci\u00f3n usuarios: Por abstenci\u00f3n gremial no se prestar\u00e1 servicio desde las 00.00hs de este Jueves 7\/9<strong>\u00a0hasta nuevo aviso<\/strong>\u00ab.<\/p>\n<p>Los\u00a0<strong>colectivos que ya reestablecieron el servicio<\/strong>\u00a0son: 148, 159, 22, 114, 338, 143, 145, 619, 300, 383., 219, 500, 372, 603, 548.<\/p>\n<p>De esta manera, hubo serias complicaciones para viajar desde La Plata y Capital Federal a\u00a0<strong>localidades del conurbano bonaerense como Quilmes, Florencio Varela, Ezpeleta, Banfield, Lomas de Zamora, Berazategui y Hudson. (VW)<\/strong><\/p>\n","protected":false},"excerpt":{"rendered":"<p>Estas son las l\u00edneas que ya restablecieron los servicios: 148, 159, 22, 114, 338, 143, 145, 619, 300, 383., 219, 500, 372, 603, 548.<\/p>\n","protected":false},"author":4,"featured_media":11708,"comment_status":"closed","ping_status":"closed","sticky":false,"template":"","format":"standard","meta":{"_monsterinsights_skip_tracking":false,"_monsterinsights_sitenote_active":false,"_monsterinsights_sitenote_note":"","_monsterinsights_sitenote_category":0,"footnotes":""},"categories":[8],"tags":[196,4872,4873,4871],"class_list":["post-11707","post","type-post","status-publish","format-standard","has-post-thumbnail","hentry","category-interes-general","tag-amba","tag-el-nuevo-halcon","tag-levantaron-el-paro-de-colectivos","tag-moqsa"],"_links":{"self":[{"href":"https:\/\/www.visionweb.com.ar\/index.php?rest_route=\/wp\/v2\/posts\/11707","targetHints":{"allow":["GET"]}}],"collection":[{"href":"https:\/\/www.visionweb.com.ar\/index.php?rest_route=\/wp\/v2\/posts"}],"about":[{"href":"https:\/\/www.visionweb.com.ar\/index.php?rest_route=\/wp\/v2\/types\/post"}],"author":[{"embeddable":true,"href":"https:\/\/www.visionweb.com.ar\/index.php?rest_route=\/wp\/v2\/users\/4"}],"replies":[{"embeddable":true,"href":"https:\/\/www.visionweb.com.ar\/index.php?rest_route=%2Fwp%2Fv2%2Fcomments&post=11707"}],"version-history":[{"count":1,"href":"https:\/\/www.visionweb.com.ar\/index.php?rest_route=\/wp\/v2\/posts\/11707\/revisions"}],"predecessor-version":[{"id":11709,"href":"https:\/\/www.visionweb.com.ar\/index.php?rest_route=\/wp\/v2\/posts\/11707\/revisions\/11709"}],"wp:featuredmedia":[{"embeddable":true,"href":"https:\/\/www.visionweb.com.ar\/index.php?rest_route=\/wp\/v2\/media\/11708"}],"wp:attachment":[{"href":"https:\/\/www.visionweb.com.ar\/index.php?rest_route=%2Fwp%2Fv2%2Fmedia&parent=11707"}],"wp:term":[{"taxonomy":"category","embeddable":true,"href":"https:\/\/www.visionweb.com.ar\/index.php?rest_route=%2Fwp%2Fv2%2Fcategories&post=11707"},{"taxonomy":"post_tag","embeddable":true,"href":"https:\/\/www.visionweb.com.ar\/index.php?rest_route=%2Fwp%2Fv2%2Ftags&post=11707"}],"curies":[{"name":"wp","href":"https:\/\/api.w.org\/{rel}","templated":true}]}}