{"id":11704,"date":"2023-09-06T12:56:45","date_gmt":"2023-09-06T15:56:45","guid":{"rendered":"https:\/\/www.visionweb.com.ar\/?p=11704"},"modified":"2023-09-06T12:56:45","modified_gmt":"2023-09-06T15:56:45","slug":"precios-justos-congelaron-precios-de-autos-0km-hasta-el-31-de-octubre","status":"publish","type":"post","link":"https:\/\/www.visionweb.com.ar\/?p=11704","title":{"rendered":"Precios Justos: Congelaron precios de autos 0km hasta el 31 de octubre"},"content":{"rendered":"<p><em><strong>El gobierno acord\u00f3 un congelamiento con automotrices, para algunos modelos. Se sumaron Volkswagen, Toyota, Ford, Nissan, General Motors, Peugeot y Citro\u00ebn, FCA Autom\u00f3viles y Renault.<\/strong><\/em><!--more--><\/p>\n<div id=\"attachment_11705\" style=\"width: 310px\" class=\"wp-caption alignright\"><img loading=\"lazy\" decoding=\"async\" aria-describedby=\"caption-attachment-11705\" class=\"wp-image-11705 size-medium\" src=\"https:\/\/www.visionweb.com.ar\/wp-content\/uploads\/2023\/09\/a-autos-300x286.png\" alt=\"\" width=\"300\" height=\"286\" srcset=\"https:\/\/www.visionweb.com.ar\/wp-content\/uploads\/2023\/09\/a-autos-300x286.png 300w, https:\/\/www.visionweb.com.ar\/wp-content\/uploads\/2023\/09\/a-autos.png 396w\" sizes=\"auto, (max-width: 300px) 100vw, 300px\" \/><p id=\"caption-attachment-11705\" class=\"wp-caption-text\">Cada terminal seleccionar\u00e1 un modelo 0 Km que mantendr\u00e1 su precio fijo. Foto internet<\/p><\/div>\n<p><strong>\u00a0 L<\/strong>a\u00a0Secretar\u00eda de Comercio y\u00a0las principales empresas terminales automotrices arribaron ayer a <strong>un acuerdo para congelar los precios de autos 0km hasta el 31 de octubre<\/strong>, seg\u00fan confirmaron fuentes oficiales.<\/p>\n<p>Conforme al acuerdo, las empresas tendr\u00e1n <strong>acceso a importaciones para regularizar la producci\u00f3n de sus unidades terminadas para la venta.<\/strong><\/p>\n<p>En ese sentido, el titular de Comercio, Mat\u00edas Tombolini, detall\u00f3 a trav\u00e9s de su cuenta Twitter que: \u201c<strong>Por indicaci\u00f3n del ministro Sergio Massa arribamos a un acuerdo<\/strong> con las empresas automotrices para que cada terminal <strong>seleccione un modelo 0 Km<\/strong> que mantendr\u00e1 su precio fijo hasta el 31 de octubre\u201d.<\/p>\n<p>\u201cYa se sumaron Volkswagen, Toyota, Ford, Nissan, General Motors, Peugeot y Citro\u00ebn, FCA Autom\u00f3viles y Renault,\u00a0<strong>que en un esfuerzo compartido con el Estado argentino<\/strong>, acompa\u00f1an este acuerdo que apunta a cuidar nuestra producci\u00f3n nacional y sostener el consumo\u201d, a\u00f1adi\u00f3 el titular.<\/p>\n<p>En agosto, la producci\u00f3n nacional de veh\u00edculos alcanz\u00f3 las 63.455 unidades, 17,4% m\u00e1s que el mismo mes de 2022 y 28,8% por encima de julio, inform\u00f3 la\u00a0<a href=\"https:\/\/adefa.org.ar\/\">Asociaci\u00f3n de F\u00e1bricas de Automotores (ADEFA).<\/a><\/p>\n<p>En el acumulado de los primeros ocho meses del a\u00f1o, la producci\u00f3n fue de 408.486 veh\u00edculos, con una suba del 19,5% respecto a las 341.788 unidades del mismo per\u00edodo de 2022.<\/p>\n<p>Mientras que las exportaciones de agosto tuvieron una mejora del 0,7% con relaci\u00f3n a julio y un descenso del 11,1% interanual.<\/p>\n<p>Al comparar los ocho primeros meses de 2023 con respecto a igual lapso de 2022, las ventas de veh\u00edculos nacionales al exterior crecieron 7,2%. <strong>(VW)<\/strong><\/p>\n","protected":false},"excerpt":{"rendered":"<p>El gobierno acord\u00f3 un congelamiento con automotrices, para algunos modelos. Se sumaron Volkswagen, Toyota, Ford, Nissan, General Motors, Peugeot y Citro\u00ebn, FCA Autom\u00f3viles y Renault.<\/p>\n","protected":false},"author":4,"featured_media":11705,"comment_status":"closed","ping_status":"closed","sticky":false,"template":"","format":"standard","meta":{"_monsterinsights_skip_tracking":false,"_monsterinsights_sitenote_active":false,"_monsterinsights_sitenote_note":"","_monsterinsights_sitenote_category":0,"footnotes":""},"categories":[6,8],"tags":[2399,172,4870,869,4430],"class_list":["post-11704","post","type-post","status-publish","format-standard","has-post-thumbnail","hentry","category-economia","category-interes-general","tag-automotrices","tag-comercio","tag-congelan-precios-0-km","tag-massa","tag-tombolini"],"_links":{"self":[{"href":"https:\/\/www.visionweb.com.ar\/index.php?rest_route=\/wp\/v2\/posts\/11704","targetHints":{"allow":["GET"]}}],"collection":[{"href":"https:\/\/www.visionweb.com.ar\/index.php?rest_route=\/wp\/v2\/posts"}],"about":[{"href":"https:\/\/www.visionweb.com.ar\/index.php?rest_route=\/wp\/v2\/types\/post"}],"author":[{"embeddable":true,"href":"https:\/\/www.visionweb.com.ar\/index.php?rest_route=\/wp\/v2\/users\/4"}],"replies":[{"embeddable":true,"href":"https:\/\/www.visionweb.com.ar\/index.php?rest_route=%2Fwp%2Fv2%2Fcomments&post=11704"}],"version-history":[{"count":1,"href":"https:\/\/www.visionweb.com.ar\/index.php?rest_route=\/wp\/v2\/posts\/11704\/revisions"}],"predecessor-version":[{"id":11706,"href":"https:\/\/www.visionweb.com.ar\/index.php?rest_route=\/wp\/v2\/posts\/11704\/revisions\/11706"}],"wp:featuredmedia":[{"embeddable":true,"href":"https:\/\/www.visionweb.com.ar\/index.php?rest_route=\/wp\/v2\/media\/11705"}],"wp:attachment":[{"href":"https:\/\/www.visionweb.com.ar\/index.php?rest_route=%2Fwp%2Fv2%2Fmedia&parent=11704"}],"wp:term":[{"taxonomy":"category","embeddable":true,"href":"https:\/\/www.visionweb.com.ar\/index.php?rest_route=%2Fwp%2Fv2%2Fcategories&post=11704"},{"taxonomy":"post_tag","embeddable":true,"href":"https:\/\/www.visionweb.com.ar\/index.php?rest_route=%2Fwp%2Fv2%2Ftags&post=11704"}],"curies":[{"name":"wp","href":"https:\/\/api.w.org\/{rel}","templated":true}]}}