{"id":11699,"date":"2023-09-06T11:57:57","date_gmt":"2023-09-06T14:57:57","guid":{"rendered":"https:\/\/www.visionweb.com.ar\/?p=11699"},"modified":"2023-09-06T11:57:57","modified_gmt":"2023-09-06T14:57:57","slug":"grindetti-quieren-transformar-la-provincia-en-un-aguantadero-del-kirchnerismo","status":"publish","type":"post","link":"https:\/\/www.visionweb.com.ar\/?p=11699","title":{"rendered":"Grindetti: \u00abQuieren transformar la Provincia en un aguantadero del kirchnerismo\u00bb"},"content":{"rendered":"<p><em><strong>El candidato a gobernador habl\u00f3 de \u201ccinco ejes fundamentales, descentralizaci\u00f3n municipal, desarrollo productivo, equilibrio presupuestario, educaci\u00f3n y seguridad<\/strong>\u201d.<\/em><!--more--><\/p>\n<p><img loading=\"lazy\" decoding=\"async\" class=\"size-medium wp-image-11537 alignright\" src=\"https:\/\/www.visionweb.com.ar\/wp-content\/uploads\/2023\/08\/a-grindetti-300x219.png\" alt=\"\" width=\"300\" height=\"219\" srcset=\"https:\/\/www.visionweb.com.ar\/wp-content\/uploads\/2023\/08\/a-grindetti-300x219.png 300w, https:\/\/www.visionweb.com.ar\/wp-content\/uploads\/2023\/08\/a-grindetti.png 499w\" sizes=\"auto, (max-width: 300px) 100vw, 300px\" \/>\u00a0 <strong>E<\/strong>l candidato a gobernador de Juntos por el Cambio, N\u00e9stor Grindetti, lanz\u00f3 una dura cr\u00edtica al gobernador actual por el aumento desmedido de la planta pol\u00edtica en la provincia de Buenos Aires.<\/p>\n<p>Fue ayer, en el marco de un encuentro con m\u00e1s de 70 empresarios enrolados en el Club del Petr\u00f3leo de Buenos Aires, donde <strong>critic\u00f3 duramente al gobernador de la Provincia, Axel Kicillof<\/strong>.<\/p>\n<p>\u201cHay 20 ministerios cuando podr\u00edamos funcionar con la mitad, por eso nosotros estamos trabajando en la <strong>descentralizaci\u00f3n hacia los municipios<\/strong>, necesitamos un estado m\u00e1s chico y eficiente\u201d, asegur\u00f3.<\/p>\n<p>A la vez, alert\u00f3:\u00a0<strong>\u201cQuieren transformar a la Provincia en un aguantadero del kirchnerismo\u201d.<\/strong><\/p>\n<p>Durante m\u00e1s de media hora, Grindetti traz\u00f3 una l\u00ednea de sus principales propuestas de gobierno en \u00e1reas y conceptos claves : <strong>\u201cSi uno administra con gesti\u00f3n y seriedad se pueden lograr transformaciones, en cuatro a\u00f1os vamos a revertir la decadencia de la Provincia y cambiar la pendiente para que los pr\u00f3ximos gobiernos que vengan no puedan volver para atr\u00e1s\u201d<\/strong>, afirm\u00f3 Grindetti.<\/p>\n<p>Y continu\u00f3: \u201cTenemos que tener un plan de coyuntura y un programa de largo plazo para <strong>dejar las bases para producir un cambio duradero en el tiempo en cinco ejes fundamentales, descentralizaci\u00f3n municipal, desarrollo productivo, equilibrio presupuestario, educaci\u00f3n y seguridad<\/strong>\u201d.<\/p>\n<p>Consultado sobre la presi\u00f3n fiscal al sector privado, Grindetti analiz\u00f3: \u201cTenemos que ir hacia un Estado que ayude y facilite y que no sea una mochila para el sector privado, vamos a llegar con una bater\u00eda de <strong>medidas para desregular y eliminar una serie de tasas y trabas burocr\u00e1ticas para bajar la presi\u00f3n fiscal sobre el sector productivo<\/strong>\u201d<\/p>\n<p>El candidato de Juntos por el Cambio estuvo acompa\u00f1ado del ex ministro de Infraestructura de la provincia de Buenos Aires y uno de los principales dirigentes que lideran sus equipos t\u00e9cnicos, Roberto Gigante.<\/p>\n<p>El club del Petr\u00f3leo de Buenos Aires es una entidad que re\u00fane a empresarios del sector energ\u00e9tico quienes se congregan para realizar actividades deportivas y recreativas al tiempo que analizan la actualidad econ\u00f3mica, pol\u00edtica y social del pa\u00eds. <strong>(VW)<\/strong><\/p>\n","protected":false},"excerpt":{"rendered":"<p>El candidato a gobernador habl\u00f3 de \u201ccinco ejes fundamentales, descentralizaci\u00f3n municipal, desarrollo productivo, equilibrio presupuestario, educaci\u00f3n y seguridad\u201d.<\/p>\n","protected":false},"author":4,"featured_media":11537,"comment_status":"closed","ping_status":"closed","sticky":false,"template":"","format":"standard","meta":{"_monsterinsights_skip_tracking":false,"_monsterinsights_sitenote_active":false,"_monsterinsights_sitenote_note":"","_monsterinsights_sitenote_category":0,"footnotes":""},"categories":[4],"tags":[4867,4265,4868],"class_list":["post-11699","post","type-post","status-publish","format-standard","has-post-thumbnail","hentry","category-politica","tag-candidato-a-gobernador","tag-nestor-grindetti","tag-propuestas-de-gobierno"],"_links":{"self":[{"href":"https:\/\/www.visionweb.com.ar\/index.php?rest_route=\/wp\/v2\/posts\/11699","targetHints":{"allow":["GET"]}}],"collection":[{"href":"https:\/\/www.visionweb.com.ar\/index.php?rest_route=\/wp\/v2\/posts"}],"about":[{"href":"https:\/\/www.visionweb.com.ar\/index.php?rest_route=\/wp\/v2\/types\/post"}],"author":[{"embeddable":true,"href":"https:\/\/www.visionweb.com.ar\/index.php?rest_route=\/wp\/v2\/users\/4"}],"replies":[{"embeddable":true,"href":"https:\/\/www.visionweb.com.ar\/index.php?rest_route=%2Fwp%2Fv2%2Fcomments&post=11699"}],"version-history":[{"count":1,"href":"https:\/\/www.visionweb.com.ar\/index.php?rest_route=\/wp\/v2\/posts\/11699\/revisions"}],"predecessor-version":[{"id":11700,"href":"https:\/\/www.visionweb.com.ar\/index.php?rest_route=\/wp\/v2\/posts\/11699\/revisions\/11700"}],"wp:featuredmedia":[{"embeddable":true,"href":"https:\/\/www.visionweb.com.ar\/index.php?rest_route=\/wp\/v2\/media\/11537"}],"wp:attachment":[{"href":"https:\/\/www.visionweb.com.ar\/index.php?rest_route=%2Fwp%2Fv2%2Fmedia&parent=11699"}],"wp:term":[{"taxonomy":"category","embeddable":true,"href":"https:\/\/www.visionweb.com.ar\/index.php?rest_route=%2Fwp%2Fv2%2Fcategories&post=11699"},{"taxonomy":"post_tag","embeddable":true,"href":"https:\/\/www.visionweb.com.ar\/index.php?rest_route=%2Fwp%2Fv2%2Ftags&post=11699"}],"curies":[{"name":"wp","href":"https:\/\/api.w.org\/{rel}","templated":true}]}}