{"id":11692,"date":"2023-09-05T16:13:59","date_gmt":"2023-09-05T19:13:59","guid":{"rendered":"https:\/\/www.visionweb.com.ar\/?p=11692"},"modified":"2023-09-05T16:13:59","modified_gmt":"2023-09-05T19:13:59","slug":"kicillof-anuncio-una-linea-de-prestamos-para-docentes-bonaerenses","status":"publish","type":"post","link":"https:\/\/www.visionweb.com.ar\/?p=11692","title":{"rendered":"Kicillof anunci\u00f3 una l\u00ednea de pr\u00e9stamos para docentes bonaerenses"},"content":{"rendered":"<p><em><strong>El gobierno anunci\u00f3 hoy una l\u00ednea de cr\u00e9ditos de hasta 5 millones de pesos. La inscripci\u00f3n abrir\u00e1 el 11 de septiembre.<\/strong><\/em><!--more--><\/p>\n<p><strong>\u00a0 <img loading=\"lazy\" decoding=\"async\" class=\"size-medium wp-image-11693 alignright\" src=\"https:\/\/www.visionweb.com.ar\/wp-content\/uploads\/2023\/09\/a-creditos-300x169.png\" alt=\"\" width=\"300\" height=\"169\" srcset=\"https:\/\/www.visionweb.com.ar\/wp-content\/uploads\/2023\/09\/a-creditos-300x169.png 300w, https:\/\/www.visionweb.com.ar\/wp-content\/uploads\/2023\/09\/a-creditos.png 408w\" sizes=\"auto, (max-width: 300px) 100vw, 300px\" \/>\u00a0\u00a0 E<\/strong>l gobernador de la Provincia de Buenos Aires, Axel Kicillof, y el presidente del Banco Provincia, Juan Cuattromo, presentaron hoy en Lomas de Zamora\u00a0<strong>una l\u00ednea de cr\u00e9dito de hasta $5 millones, dirigida a trabajadores bonaerenses de la educaci\u00f3n<\/strong>.<\/p>\n<p>La iniciativa, a la que podr\u00e1n aplicar al beneficio m\u00e1s de 400 mil personas, fue anunciada en el marco de la conmemoraci\u00f3n del d\u00eda de las y los maestros, y abarca tambi\u00e9n a profesores y personal no docente.<\/p>\n<p>Se trata de\u00a0<strong>pr\u00e9stamos a sola firma con una tasa especial fija de 60% anual, con un plazo de hasta 36 meses para el pago de las cuotas, que no podr\u00e1n afectar m\u00e1s del 35% del ingreso del titular del cr\u00e9dito<\/strong>.<\/p>\n<p>Se podr\u00e1n solicitar a partir del 11 de septiembre a trav\u00e9s de homebanking o en todas las sucursales del banco.<\/p>\n<p>En ese sentido, el gobernador Kicillof record\u00f3: \u201c<strong>Cuando asumimos, el Banco Provincia era una instituci\u00f3n que no estaba al servicio de las familias y las peque\u00f1as y medianas empresas, sino que hab\u00eda entrado en la l\u00f3gica de la especulaci\u00f3n financiera\u201d.<\/strong><\/p>\n<p>Y a la vez se\u00f1al\u00f3 Kicillof y destac\u00f3: \u201cComo lo hicimos desde un primer momento con\u00a0<strong>Cuenta DNI<\/strong>, estamos dando otro paso\u00a0<strong>para que la banca p\u00fablica vuelva a acompa\u00f1ar a los y las bonaerenses<\/strong>\u201d.<\/p>\n<p>Al respecto, Cuattromo detall\u00f3:\u00a0<strong>\u201cEstamos lanzando una l\u00ednea especial de cr\u00e9dito para todo el personal educativo bonaerense que demuestra, una vez m\u00e1s, el compromiso que asumi\u00f3 el Banco Provincia de estar cerca de las necesidades de los y las bonaerenses<\/strong>\u201d.<\/p>\n<p>\u201cAs\u00ed como lo hicimos con Cuenta DNI, estamos poniendo\u00a0<strong>todas nuestras herramientas al servicio del pueblo para que puedan tener una mejor calidad de vida y cumplir sus metas\u201d<\/strong>, finaliz\u00f3 el presidente del banco.\u00a0<strong>(VW)<\/strong><\/p>\n","protected":false},"excerpt":{"rendered":"<p>El gobierno anunci\u00f3 hoy una l\u00ednea de cr\u00e9ditos de hasta 5 millones de pesos. La inscripci\u00f3n abrir\u00e1 el 11 de septiembre.<\/p>\n","protected":false},"author":4,"featured_media":11693,"comment_status":"closed","ping_status":"closed","sticky":false,"template":"","format":"standard","meta":{"_monsterinsights_skip_tracking":false,"_monsterinsights_sitenote_active":false,"_monsterinsights_sitenote_note":"","_monsterinsights_sitenote_category":0,"footnotes":""},"categories":[6,4],"tags":[2482,650,4864,4271,4865],"class_list":["post-11692","post","type-post","status-publish","format-standard","has-post-thumbnail","hentry","category-economia","category-politica","tag-banco-provincia","tag-bonaerenses","tag-creditos-para-docentes","tag-cuattromo","tag-kiicillof"],"_links":{"self":[{"href":"https:\/\/www.visionweb.com.ar\/index.php?rest_route=\/wp\/v2\/posts\/11692","targetHints":{"allow":["GET"]}}],"collection":[{"href":"https:\/\/www.visionweb.com.ar\/index.php?rest_route=\/wp\/v2\/posts"}],"about":[{"href":"https:\/\/www.visionweb.com.ar\/index.php?rest_route=\/wp\/v2\/types\/post"}],"author":[{"embeddable":true,"href":"https:\/\/www.visionweb.com.ar\/index.php?rest_route=\/wp\/v2\/users\/4"}],"replies":[{"embeddable":true,"href":"https:\/\/www.visionweb.com.ar\/index.php?rest_route=%2Fwp%2Fv2%2Fcomments&post=11692"}],"version-history":[{"count":1,"href":"https:\/\/www.visionweb.com.ar\/index.php?rest_route=\/wp\/v2\/posts\/11692\/revisions"}],"predecessor-version":[{"id":11694,"href":"https:\/\/www.visionweb.com.ar\/index.php?rest_route=\/wp\/v2\/posts\/11692\/revisions\/11694"}],"wp:featuredmedia":[{"embeddable":true,"href":"https:\/\/www.visionweb.com.ar\/index.php?rest_route=\/wp\/v2\/media\/11693"}],"wp:attachment":[{"href":"https:\/\/www.visionweb.com.ar\/index.php?rest_route=%2Fwp%2Fv2%2Fmedia&parent=11692"}],"wp:term":[{"taxonomy":"category","embeddable":true,"href":"https:\/\/www.visionweb.com.ar\/index.php?rest_route=%2Fwp%2Fv2%2Fcategories&post=11692"},{"taxonomy":"post_tag","embeddable":true,"href":"https:\/\/www.visionweb.com.ar\/index.php?rest_route=%2Fwp%2Fv2%2Ftags&post=11692"}],"curies":[{"name":"wp","href":"https:\/\/api.w.org\/{rel}","templated":true}]}}