{"id":11689,"date":"2023-09-05T14:21:41","date_gmt":"2023-09-05T17:21:41","guid":{"rendered":"https:\/\/www.visionweb.com.ar\/?p=11689"},"modified":"2023-09-05T14:21:41","modified_gmt":"2023-09-05T17:21:41","slug":"lomas-de-zamora-guillermo-vinuales-propuso-hacer-un-debate-entre-los-candidatos-a-intendente","status":"publish","type":"post","link":"https:\/\/www.visionweb.com.ar\/?p=11689","title":{"rendered":"Lomas de Zamora: Guillermo Vi\u00f1uales propuso hacer un debate entre los candidatos a intendente"},"content":{"rendered":"<p><em><strong>La iniciativa seguir\u00eda los lineamientos de los debates presidenciales. \u201cEl intendente es clave para la calidad de vida de los vecinos\u201d, dijo.<\/strong><\/em><!--more--><\/p>\n<div id=\"attachment_11690\" style=\"width: 310px\" class=\"wp-caption alignright\"><img loading=\"lazy\" decoding=\"async\" aria-describedby=\"caption-attachment-11690\" class=\"wp-image-11690 size-medium\" src=\"https:\/\/www.visionweb.com.ar\/wp-content\/uploads\/2023\/09\/a-vinuales-300x260.png\" alt=\"\" width=\"300\" height=\"260\" srcset=\"https:\/\/www.visionweb.com.ar\/wp-content\/uploads\/2023\/09\/a-vinuales-300x260.png 300w, https:\/\/www.visionweb.com.ar\/wp-content\/uploads\/2023\/09\/a-vinuales.png 356w\" sizes=\"auto, (max-width: 300px) 100vw, 300px\" \/><p id=\"caption-attachment-11690\" class=\"wp-caption-text\">Guillermo Vi\u00f1uales propuso un debate entre candidatos a intendente. Foto: facebook<\/p><\/div>\n<p><strong> \u00a0\u00a0 E<\/strong>l candidato de Juntos por el Cambio a la intendencia de Lomas de Zamora, Guillermo Vi\u00f1uales, propuso\u00a0<strong>la realizaci\u00f3n del primer debate entre candidatos a intendentes, <\/strong>que se llevar\u00eda a cabo en la Universidad Nacional de Lomas de Zamora, y <strong>seguir\u00eda el modelo de los debates presidenciales.<\/strong><\/p>\n<p>De prosperar esta propuesta el debate contar\u00eda con la participaci\u00f3n de comunicadores sociales del municipio.<\/p>\n<p>Vi\u00f1uales consider\u00f3 que \u201ces fundamental\u00a0<strong>que la ciudadan\u00eda conozca a fondo a los candidatos\u00a0<\/strong>y sus propuestas antes de emitir su voto\u201d.<\/p>\n<p>A la vez remarc\u00f3 la importancia de que \u201cel intendente no es una parte m\u00e1s de una boleta enorme,\u00a0<strong>el intendente es clave para la calidad de vida de los vecinos<\/strong>\u201d.<\/p>\n<p>\u201cEsta propuesta busca\u00a0<strong>empoderar a los ciudadanos, permiti\u00e9ndoles conocer a los candidatos, sus estilos y sus planes de gesti\u00f3n,<\/strong>\u00a0promoviendo una mayor transparencia en el proceso electoral local\u201d, indicaron a trav\u00e9s de un comunicado desde Juntos por el Cambio.<\/p>\n<p>Cabe recordar que los candidatos a la intendencia de Lomas de Zamora son: Federico Oterm\u00edn por Uni\u00f3n por la Patria, Guillermo Vi\u00f1uales por Juntos por el Cambio; Antonio Volpini por Libertad Avanza; y Miguel Pallarols por el Frente de Izquierda. <strong>(VW)<\/strong><\/p>\n","protected":false},"excerpt":{"rendered":"<p>La iniciativa seguir\u00eda los lineamientos de los debates presidenciales. \u201cEl intendente es clave para la calidad de vida de los vecinos\u201d, dijo.<\/p>\n","protected":false},"author":4,"featured_media":11690,"comment_status":"closed","ping_status":"closed","sticky":false,"template":"","format":"standard","meta":{"_monsterinsights_skip_tracking":false,"_monsterinsights_sitenote_active":false,"_monsterinsights_sitenote_note":"","_monsterinsights_sitenote_category":0,"footnotes":""},"categories":[4],"tags":[4863,4674,781,318],"class_list":["post-11689","post","type-post","status-publish","format-standard","has-post-thumbnail","hentry","category-politica","tag-debate-de-candidatos-a-intendente","tag-guillermo-vinuales","tag-juntos-por-el-cambio","tag-lomas-de-zamora"],"_links":{"self":[{"href":"https:\/\/www.visionweb.com.ar\/index.php?rest_route=\/wp\/v2\/posts\/11689","targetHints":{"allow":["GET"]}}],"collection":[{"href":"https:\/\/www.visionweb.com.ar\/index.php?rest_route=\/wp\/v2\/posts"}],"about":[{"href":"https:\/\/www.visionweb.com.ar\/index.php?rest_route=\/wp\/v2\/types\/post"}],"author":[{"embeddable":true,"href":"https:\/\/www.visionweb.com.ar\/index.php?rest_route=\/wp\/v2\/users\/4"}],"replies":[{"embeddable":true,"href":"https:\/\/www.visionweb.com.ar\/index.php?rest_route=%2Fwp%2Fv2%2Fcomments&post=11689"}],"version-history":[{"count":1,"href":"https:\/\/www.visionweb.com.ar\/index.php?rest_route=\/wp\/v2\/posts\/11689\/revisions"}],"predecessor-version":[{"id":11691,"href":"https:\/\/www.visionweb.com.ar\/index.php?rest_route=\/wp\/v2\/posts\/11689\/revisions\/11691"}],"wp:featuredmedia":[{"embeddable":true,"href":"https:\/\/www.visionweb.com.ar\/index.php?rest_route=\/wp\/v2\/media\/11690"}],"wp:attachment":[{"href":"https:\/\/www.visionweb.com.ar\/index.php?rest_route=%2Fwp%2Fv2%2Fmedia&parent=11689"}],"wp:term":[{"taxonomy":"category","embeddable":true,"href":"https:\/\/www.visionweb.com.ar\/index.php?rest_route=%2Fwp%2Fv2%2Fcategories&post=11689"},{"taxonomy":"post_tag","embeddable":true,"href":"https:\/\/www.visionweb.com.ar\/index.php?rest_route=%2Fwp%2Fv2%2Ftags&post=11689"}],"curies":[{"name":"wp","href":"https:\/\/api.w.org\/{rel}","templated":true}]}}