{"id":11686,"date":"2023-09-05T09:45:37","date_gmt":"2023-09-05T12:45:37","guid":{"rendered":"https:\/\/www.visionweb.com.ar\/?p=11686"},"modified":"2023-09-04T19:55:51","modified_gmt":"2023-09-04T22:55:51","slug":"vuelve-el-circuito-de-ahorro-a-almirante-brown","status":"publish","type":"post","link":"https:\/\/www.visionweb.com.ar\/?p=11686","title":{"rendered":"Vuelve el circuito de ahorro a Almirante Brown"},"content":{"rendered":"<p><em><strong>Los vecinos tambi\u00e9n podr\u00e1n acceder durante este mes a los productos del Mercado Multiplicar del Centro de Desarrollo Productivo.<\/strong><\/em><!--more--><\/p>\n<p><strong><img loading=\"lazy\" decoding=\"async\" class=\"size-medium wp-image-11687 alignleft\" src=\"https:\/\/www.visionweb.com.ar\/wp-content\/uploads\/2023\/09\/ALIMENTOS-300x172.png\" alt=\"\" width=\"300\" height=\"172\" srcset=\"https:\/\/www.visionweb.com.ar\/wp-content\/uploads\/2023\/09\/ALIMENTOS-300x172.png 300w, https:\/\/www.visionweb.com.ar\/wp-content\/uploads\/2023\/09\/ALIMENTOS.png 640w\" sizes=\"auto, (max-width: 300px) 100vw, 300px\" \/>C<\/strong>omo todos los meses, en septiembre las vecinas y los vecinos de Almirante Brown, podr\u00e1n acceder a una gran variedad de productos de calidad a precios accesibles a trav\u00e9s del programa \u201cCircuito de Ahorro Brown\u201d.<\/p>\n<p>En ese sentido, el Municipio, contin\u00faa ofreciendo diversas propuestas de comercializaci\u00f3n de productos, con el objetivo de fomentar la econom\u00eda popular y cuidar el bolsillo de los consumidores.<\/p>\n<p>\u201cGracias al programa Circuito de Ahorro Brown, seguimos brindando numerosas alternativas de mercado para que las familias de nuestro distrito puedan adquirir productos de calidad a precios accesibles, sin intermediarios, y adem\u00e1s fomentamos el crecimiento de los productores locales\u201d, manifest\u00f3 Mariano Cascallares.<\/p>\n<p>Seg\u00fan anunci\u00f3 la Comuna, las propuestas ser\u00e1n las siguientes:<\/p>\n<p>Todos los viernes de septiembre, de 9 a 13 horas, vuelve el Mercado M\u00f3vil Brown Ahorra, propuesta\u00a0 que ofrece productos de limpieza, de almac\u00e9n, frutas y verduras- arribar\u00e1 el d\u00eda 8 a la plaza Almafuerte de Glew, ubicada en Miguel Can\u00e9 y Mitre.<\/p>\n<p>En tanto, el 15 estar\u00e1 en plaza San Jer\u00f3nimo de Rafael Calzada, en Rivadavia y Balboa; el 22 en la Estaci\u00f3n de Claypole (Av. 17 de Octubre y Nazca), y el 29 en plaza Puerto Argentino de Malvinas Argentinas, en Pedro Echag\u00fce y Serrano.<\/p>\n<p>Por otro lado, el s\u00e1bado 23 de 10 a 13 horas, la plaza San Jer\u00f3nimo de Calzada tambi\u00e9n recibir\u00e1 al Mercado de Productores Familiares, con frutas, verduras, l\u00e1cteos, carne y pollo, entre otros art\u00edculos.<\/p>\n<p>En tanto, todos los martes y viernes del mes, de 9 a 14 horas, regresar\u00e1 el Mercado en tu Barrio a la Estaci\u00f3n Longchamps (lado Este). All\u00ed, se podr\u00e1n comprar frutas, verduras, pescados y productos de almac\u00e9n.<\/p>\n<p>Todos los viernes de septiembre de 10 a 14 horas, tambi\u00e9n arribar\u00e1 la Feria de Productores\/as locales a la plaza Cerreti de Adrogu\u00e9\u00a0(Diagonal Toll y Cerretti).<\/p>\n<p>Mientras que los s\u00e1bados de 10 a 16, la propuesta llegar\u00e1 a la Granja Educativa Municipal de Ministro Rivadavia, ubicada en Juan B. Justo 1000. En ambos puntos se podr\u00e1n adquirir frutas, verduras, huevos, quesos de campo, dulces, panificados, conservas y salamines.<\/p>\n<p>Finalmente, los vecinos tambi\u00e9n podr\u00e1n acceder durante este mes a los productos del Mercado Multiplicar del Centro de Desarrollo Productivo Incuba Brown, tales como verduras, frutas y art\u00edculos de almac\u00e9n. El mismo funciona de lunes a viernes de 9 a 17 horas, y los s\u00e1bados de 9 a 13, en Uruguay y Cruz del Sur de la localidad de Burzaco <strong>(VW)<\/strong>.<\/p>\n<p>&nbsp;<\/p>\n","protected":false},"excerpt":{"rendered":"<p>Los vecinos tambi\u00e9n podr\u00e1n acceder durante este mes a los productos del Mercado Multiplicar del Centro de Desarrollo Productivo.<\/p>\n","protected":false},"author":3,"featured_media":11687,"comment_status":"closed","ping_status":"closed","sticky":false,"template":"","format":"standard","meta":{"_monsterinsights_skip_tracking":false,"_monsterinsights_sitenote_active":false,"_monsterinsights_sitenote_note":"","_monsterinsights_sitenote_category":0,"footnotes":""},"categories":[3],"tags":[4862,753,673,4861,47],"class_list":["post-11686","post","type-post","status-publish","format-standard","has-post-thumbnail","hentry","category-actualidad","tag-ares","tag-ferias","tag-localidades","tag-popul","tag-precios"],"_links":{"self":[{"href":"https:\/\/www.visionweb.com.ar\/index.php?rest_route=\/wp\/v2\/posts\/11686","targetHints":{"allow":["GET"]}}],"collection":[{"href":"https:\/\/www.visionweb.com.ar\/index.php?rest_route=\/wp\/v2\/posts"}],"about":[{"href":"https:\/\/www.visionweb.com.ar\/index.php?rest_route=\/wp\/v2\/types\/post"}],"author":[{"embeddable":true,"href":"https:\/\/www.visionweb.com.ar\/index.php?rest_route=\/wp\/v2\/users\/3"}],"replies":[{"embeddable":true,"href":"https:\/\/www.visionweb.com.ar\/index.php?rest_route=%2Fwp%2Fv2%2Fcomments&post=11686"}],"version-history":[{"count":1,"href":"https:\/\/www.visionweb.com.ar\/index.php?rest_route=\/wp\/v2\/posts\/11686\/revisions"}],"predecessor-version":[{"id":11688,"href":"https:\/\/www.visionweb.com.ar\/index.php?rest_route=\/wp\/v2\/posts\/11686\/revisions\/11688"}],"wp:featuredmedia":[{"embeddable":true,"href":"https:\/\/www.visionweb.com.ar\/index.php?rest_route=\/wp\/v2\/media\/11687"}],"wp:attachment":[{"href":"https:\/\/www.visionweb.com.ar\/index.php?rest_route=%2Fwp%2Fv2%2Fmedia&parent=11686"}],"wp:term":[{"taxonomy":"category","embeddable":true,"href":"https:\/\/www.visionweb.com.ar\/index.php?rest_route=%2Fwp%2Fv2%2Fcategories&post=11686"},{"taxonomy":"post_tag","embeddable":true,"href":"https:\/\/www.visionweb.com.ar\/index.php?rest_route=%2Fwp%2Fv2%2Ftags&post=11686"}],"curies":[{"name":"wp","href":"https:\/\/api.w.org\/{rel}","templated":true}]}}