{"id":11682,"date":"2023-09-05T09:18:57","date_gmt":"2023-09-05T12:18:57","guid":{"rendered":"https:\/\/www.visionweb.com.ar\/?p=11682"},"modified":"2023-09-04T19:35:38","modified_gmt":"2023-09-04T22:35:38","slug":"11682","status":"publish","type":"post","link":"https:\/\/www.visionweb.com.ar\/?p=11682","title":{"rendered":"El gobierno bonaerense aumentar\u00e1 un 10% m\u00e1s los haberes de los trabajadores"},"content":{"rendered":"<div class=\"vw-post-content clearfix\">\n<p><em><strong> La Provincia otorgar\u00e1 tambi\u00e9n un bono de $30.000 en septiembre a los jubilados que perciban haberes por menos de $120.000.<\/strong><\/em><\/p>\n<\/div>\n<p><!--more--><\/p>\n<p><strong><img loading=\"lazy\" decoding=\"async\" class=\"size-medium wp-image-4615 alignright\" src=\"https:\/\/www.visionweb.com.ar\/wp-content\/uploads\/2022\/02\/CASA-DE-GOBIERNO-PBA-300x195.png\" alt=\"\" width=\"300\" height=\"195\" srcset=\"https:\/\/www.visionweb.com.ar\/wp-content\/uploads\/2022\/02\/CASA-DE-GOBIERNO-PBA-300x195.png 300w, https:\/\/www.visionweb.com.ar\/wp-content\/uploads\/2022\/02\/CASA-DE-GOBIERNO-PBA-768x498.png 768w, https:\/\/www.visionweb.com.ar\/wp-content\/uploads\/2022\/02\/CASA-DE-GOBIERNO-PBA.png 800w\" sizes=\"auto, (max-width: 300px) 100vw, 300px\" \/>L<\/strong>a Provincia de Buenos Aires, acord\u00f3 con los representantes gremiales de todos los reg\u00edmenes <strong>adicionar un 10% al aumento salarial que ya estaba pautado para los haberes de septiembre, completando un 25% en promedio\u00a0<\/strong>para todos los trabajadores provinciales.<\/p>\n<div class=\"vw-post-content clearfix\">\n<p>El anuncio lo hizo el gobernador Axel Kicellof, este lunes, en el marco de los monitoreos que realizan las mesas de trabajo para las paritarias.<\/p>\n<p>En <strong>los casos en los que el incremento salarial no alcance los $30.000 netos, la Provincia asegurar\u00e1 ese monto\u00a0<\/strong>como piso de aumento.<\/p>\n<p>Adicionalmente, y en sinton\u00ed con los lineamientos establecidos por el Gobierno Nacional, la Provincia otorgar\u00e1\u00a0<strong>por \u00fanica vez una suma fija no remunerativa en septiembre a quienes hayan percibido haberes en agosto por menos de $400.000.<\/strong><\/p>\n<p>La suma ser\u00e1 de\u00a0<strong>$30.000 para los trabajadores que perciben salarios netos a agosto de 2023 menores o iguales a $370.000 <\/strong>y, de la diferencia entre $370.000 y $400.000 en los casos en los que los haberes netos sean de m\u00e1s de $370.000.<\/p>\n<p><strong>Bono para los jubilados<\/strong><\/p>\n<p>Por otra parte, la Provincia otorgar\u00e1 tambi\u00e9n <strong>un bono de $30.000 en septiembre a los jubilados que perciban haberes por menos de $120.000.<\/strong><\/p>\n<p>Adem\u00e1s, el Gobernador anunci\u00f3 la creaci\u00f3n de un\u00a0<strong>Fondo Especial de Asignaciones Extraordinarias Salariales para Municipios<\/strong>, para contribuir al refuerzo salarial de los trabajadores municipales que se distribuir\u00e1 a solicitud de cada comuna y tendr\u00e1 car\u00e1cter de reintegrable<strong>(VW)<\/strong>.<\/p>\n<\/div>\n<p>&nbsp;<\/p>\n","protected":false},"excerpt":{"rendered":"<p>La Provincia otorgar\u00e1 tambi\u00e9n un bono de $30.000 en septiembre a los jubilados que perciban haberes por menos de $120.000.<\/p>\n","protected":false},"author":3,"featured_media":4615,"comment_status":"closed","ping_status":"closed","sticky":false,"template":"","format":"standard","meta":{"_monsterinsights_skip_tracking":false,"_monsterinsights_sitenote_active":false,"_monsterinsights_sitenote_note":"","_monsterinsights_sitenote_category":0,"footnotes":""},"categories":[4],"tags":[141,650,158,56],"class_list":["post-11682","post","type-post","status-publish","format-standard","has-post-thumbnail","hentry","category-politica","tag-aumentos","tag-bonaerenses","tag-paritarias","tag-salarios"],"_links":{"self":[{"href":"https:\/\/www.visionweb.com.ar\/index.php?rest_route=\/wp\/v2\/posts\/11682","targetHints":{"allow":["GET"]}}],"collection":[{"href":"https:\/\/www.visionweb.com.ar\/index.php?rest_route=\/wp\/v2\/posts"}],"about":[{"href":"https:\/\/www.visionweb.com.ar\/index.php?rest_route=\/wp\/v2\/types\/post"}],"author":[{"embeddable":true,"href":"https:\/\/www.visionweb.com.ar\/index.php?rest_route=\/wp\/v2\/users\/3"}],"replies":[{"embeddable":true,"href":"https:\/\/www.visionweb.com.ar\/index.php?rest_route=%2Fwp%2Fv2%2Fcomments&post=11682"}],"version-history":[{"count":3,"href":"https:\/\/www.visionweb.com.ar\/index.php?rest_route=\/wp\/v2\/posts\/11682\/revisions"}],"predecessor-version":[{"id":11685,"href":"https:\/\/www.visionweb.com.ar\/index.php?rest_route=\/wp\/v2\/posts\/11682\/revisions\/11685"}],"wp:featuredmedia":[{"embeddable":true,"href":"https:\/\/www.visionweb.com.ar\/index.php?rest_route=\/wp\/v2\/media\/4615"}],"wp:attachment":[{"href":"https:\/\/www.visionweb.com.ar\/index.php?rest_route=%2Fwp%2Fv2%2Fmedia&parent=11682"}],"wp:term":[{"taxonomy":"category","embeddable":true,"href":"https:\/\/www.visionweb.com.ar\/index.php?rest_route=%2Fwp%2Fv2%2Fcategories&post=11682"},{"taxonomy":"post_tag","embeddable":true,"href":"https:\/\/www.visionweb.com.ar\/index.php?rest_route=%2Fwp%2Fv2%2Ftags&post=11682"}],"curies":[{"name":"wp","href":"https:\/\/api.w.org\/{rel}","templated":true}]}}