{"id":11678,"date":"2023-09-05T08:04:18","date_gmt":"2023-09-05T11:04:18","guid":{"rendered":"https:\/\/www.visionweb.com.ar\/?p=11678"},"modified":"2023-09-04T19:18:45","modified_gmt":"2023-09-04T22:18:45","slug":"la-campana-de-los-medicos-bonaerenses-en-defensa-de-la-salud-publica","status":"publish","type":"post","link":"https:\/\/www.visionweb.com.ar\/?p=11678","title":{"rendered":"La campa\u00f1a de los m\u00e9dicos bonaerenses en defensa de la salud p\u00fablica"},"content":{"rendered":"<p><strong><em>El Consejo Directivo Provincial de CICOP se pronunci\u00f3 en contra de las propuestas del candidato Javier Milei de privatizaci\u00f3n del sector p\u00fablico de la salud.<\/em><\/strong><!--more--><\/p>\n<p><strong><img loading=\"lazy\" decoding=\"async\" class=\"size-medium wp-image-11679 alignright\" src=\"https:\/\/www.visionweb.com.ar\/wp-content\/uploads\/2023\/09\/CICOP-300x204.png\" alt=\"\" width=\"300\" height=\"204\" srcset=\"https:\/\/www.visionweb.com.ar\/wp-content\/uploads\/2023\/09\/CICOP-300x204.png 300w, https:\/\/www.visionweb.com.ar\/wp-content\/uploads\/2023\/09\/CICOP.png 640w\" sizes=\"auto, (max-width: 300px) 100vw, 300px\" \/>L<\/strong>a Asociaci\u00f3n Sindical de Profesionales de la Salud de la Provincia de Buenos Aires (CICOP) lanz\u00f3 una campa\u00f1a en defensa de la salud p\u00fablica y en contra de las propuestas del candidato presidencial de La Libertad Avanza, Javier Milei, para privatizar el sistema de salud y eliminar derechos laborales.<\/p>\n<p>La vicepresidenta de la CICOP, Silvana Scali, expres\u00f3 en di\u00e1logo con AUNO que \u201clas propuestas de privatizaci\u00f3n <strong>de esta derecha revitalizada<\/strong>\u201d encendi\u00f3 \u201ctodas las se\u00f1ales de alarma en el en el sistema de salud\u201d y consider\u00f3 que el arancelamiento no es el camino, sino que hay que \u201cconservarlo (p\u00fablico) para transformarlo\u201d.<\/p>\n<p>En este sentido, remarc\u00f3 que\u00a0<strong>esa transformaci\u00f3n \u201cva de la mano de presupuestos adecuados\u201d y\u00a0 de \u201cuna integraci\u00f3n de los distintos subsistemas de salud que hoy hay en la Argentina\u201d<\/strong>\u00a0para que \u201crealmente d\u00e9 respuestas a todas las necesidades de salud de la poblaci\u00f3n\u201d.<\/p>\n<p>Por su parte, el secretario gremial de la CICOP, Juan Mart\u00edn Miranda, resalt\u00f3 que\u00a0<strong>la salud p\u00fablica \u201cse corre de los intereses del mercado y apunta a atender lo que las comunidades y barrios necesitan\u201d,<\/strong>\u00a0pero si se ponen por delante los intereses del mercado, se deja \u201ca cientos y miles de personas sin atender necesidades b\u00e1sicas como por ejemplo la vacunaci\u00f3n\u201d.<\/p>\n<p>Miranda explic\u00f3 a esta Agencia que desde la CICOP est\u00e1n convocando a todos sus hospitales y centros de salud a sumarse a su campa\u00f1a en defensa de la salud p\u00fablica que no pretende tener \u201cuna l\u00ednea clara en t\u00e9rminos pol\u00edticos de a qui\u00e9n apoyar\u201d sino informar a la comunidad las propuestas de privatizaci\u00f3n del sistema de salud de Milei.<\/p>\n<p>Otras de las propuestas del candidato libertario tiene que ver con la\u00a0<strong>legalizaci\u00f3n de la venta de \u00f3rganos,<\/strong>\u00a0la cual Scali calific\u00f3 como un \u201chorror\u201d mientras que Miranda enfatiz\u00f3 que \u201cva en contra de todos los derechos humanos que plantea el acceso igualitario a la salud\u201d.<\/p>\n<p>Adem\u00e1s, la vicepresidenta de CICOP consider\u00f3\u00a0<strong>necesario defender el sistema de salud y los derechos laborales de los y las trabajadores<\/strong>\u00a0de la Salud que \u201cson el blanco del ataque de la derecha, con claros programas de reforma laboral y de reforma provisional\u201d.<\/p>\n<p>En un comunicado de prensa, el sindicato remarc\u00f3 que la propuesta de que el mercado se haga cargo del sistema de salud tiene como resultado \u201cla desprotecci\u00f3n de los sectores de menor poder adquisitivo, la ausencia de planificaci\u00f3n sanitaria y la imposibilidad de reaccionar frente a cualquier cat\u00e1strofe sanitaria\u201d.<\/p>\n<p>Al respecto destacaron la experiencia que supuso la pandemia por covid-19 y la importancia de contar con un sistema p\u00fablico que organizara y orientara los recursos de la sociedad \u201cen pos de garantizar el derecho a la salud y su acceso de manera universal para el conjunto de la poblaci\u00f3n\u201d<strong>(VW)<\/strong>.<\/p>\n","protected":false},"excerpt":{"rendered":"<p>El Consejo Directivo Provincial de CICOP se pronunci\u00f3 en contra de las propuestas del candidato Javier Milei de privatizaci\u00f3n del sector p\u00fablico de la salud.<\/p>\n","protected":false},"author":3,"featured_media":11679,"comment_status":"closed","ping_status":"closed","sticky":false,"template":"","format":"standard","meta":{"_monsterinsights_skip_tracking":false,"_monsterinsights_sitenote_active":false,"_monsterinsights_sitenote_note":"","_monsterinsights_sitenote_category":0,"footnotes":""},"categories":[8,4],"tags":[4860,435,4530,100],"class_list":["post-11678","post","type-post","status-publish","format-standard","has-post-thumbnail","hentry","category-interes-general","category-politica","tag-arancelamiento","tag-cicop","tag-milei","tag-salud"],"_links":{"self":[{"href":"https:\/\/www.visionweb.com.ar\/index.php?rest_route=\/wp\/v2\/posts\/11678","targetHints":{"allow":["GET"]}}],"collection":[{"href":"https:\/\/www.visionweb.com.ar\/index.php?rest_route=\/wp\/v2\/posts"}],"about":[{"href":"https:\/\/www.visionweb.com.ar\/index.php?rest_route=\/wp\/v2\/types\/post"}],"author":[{"embeddable":true,"href":"https:\/\/www.visionweb.com.ar\/index.php?rest_route=\/wp\/v2\/users\/3"}],"replies":[{"embeddable":true,"href":"https:\/\/www.visionweb.com.ar\/index.php?rest_route=%2Fwp%2Fv2%2Fcomments&post=11678"}],"version-history":[{"count":1,"href":"https:\/\/www.visionweb.com.ar\/index.php?rest_route=\/wp\/v2\/posts\/11678\/revisions"}],"predecessor-version":[{"id":11680,"href":"https:\/\/www.visionweb.com.ar\/index.php?rest_route=\/wp\/v2\/posts\/11678\/revisions\/11680"}],"wp:featuredmedia":[{"embeddable":true,"href":"https:\/\/www.visionweb.com.ar\/index.php?rest_route=\/wp\/v2\/media\/11679"}],"wp:attachment":[{"href":"https:\/\/www.visionweb.com.ar\/index.php?rest_route=%2Fwp%2Fv2%2Fmedia&parent=11678"}],"wp:term":[{"taxonomy":"category","embeddable":true,"href":"https:\/\/www.visionweb.com.ar\/index.php?rest_route=%2Fwp%2Fv2%2Fcategories&post=11678"},{"taxonomy":"post_tag","embeddable":true,"href":"https:\/\/www.visionweb.com.ar\/index.php?rest_route=%2Fwp%2Fv2%2Ftags&post=11678"}],"curies":[{"name":"wp","href":"https:\/\/api.w.org\/{rel}","templated":true}]}}