{"id":11676,"date":"2023-09-04T18:06:50","date_gmt":"2023-09-04T21:06:50","guid":{"rendered":"https:\/\/www.visionweb.com.ar\/?p=11676"},"modified":"2023-09-04T18:06:50","modified_gmt":"2023-09-04T21:06:50","slug":"kravetz-propone-un-esquema-de-trabajo-para-solucionar-los-problemas-de-inseguridad","status":"publish","type":"post","link":"https:\/\/www.visionweb.com.ar\/?p=11676","title":{"rendered":"Kravetz propone un esquema de trabajo para solucionar los problemas de inseguridad"},"content":{"rendered":"<p><em><strong>As\u00ed lo asegur\u00f3 en un el programa Opini\u00f3n P\u00fablica de canal 9 y dio su visi\u00f3n sobre la lucha contra la inseguridad en el conurbano.<\/strong><\/em><!--more--><\/p>\n<p><img loading=\"lazy\" decoding=\"async\" class=\"size-medium wp-image-797 alignright\" src=\"https:\/\/www.visionweb.com.ar\/wp-content\/uploads\/2021\/01\/AUMENTO-SALARIAL-A-POLICIAS-300x199.png\" alt=\"\" width=\"300\" height=\"199\" srcset=\"https:\/\/www.visionweb.com.ar\/wp-content\/uploads\/2021\/01\/AUMENTO-SALARIAL-A-POLICIAS-300x199.png 300w, https:\/\/www.visionweb.com.ar\/wp-content\/uploads\/2021\/01\/AUMENTO-SALARIAL-A-POLICIAS.png 640w\" sizes=\"auto, (max-width: 300px) 100vw, 300px\" \/>Los crecientes problemas\u00a0 de inseguridad que afectan a los municipios del gran Buenos Aires y la visi\u00f3n personalista y cuantitativa que se tiene, fueron cuestionados por el jefe comunal interino y candidato a intendente de Lan\u00fas, Diego Kravetz.<\/p>\n<p>\u00abEs necesario realizar un cambio de paradigma, mediante un esquema de trabajo conjunto entre Naci\u00f3n, Provincia y Municipio que permita solucionar los problemas de inseguridad que sufren los vecinos\u00bb, explic\u00f3 el candidato.<\/p>\n<p>En esta misma l\u00ednea, Kravetz cuestion\u00f3 los resultados que arrojan las pol\u00edticas en las que se priorizan los derechos de los delincuentes j\u00f3venes.<\/p>\n<p>\u201cNo hay nada peor que pensar que para un chico que empieza a robar a los 10 a\u00f1os es un beneficio volver a su casa, porque cuando llega a los 15 ya tuvo como 20 o 25 entradas a la comisar\u00eda y posiblemente, muera a los 17\u201d, se\u00f1al\u00f3 el funcionario,<\/p>\n<p>Al respecto consider\u00f3 que : \u201cTenemos que empezar a discutir c\u00f3mo hacemos para ayudar y darle posibilidades de futuro a ese joven\u201d.<\/p>\n<p>Asimismo, subray\u00f3 la importancia de que tiene para los intendentes involucrarse en la lucha contra el delito y asegur\u00f3 que para resolver cuestiones ligadas a la inseguridad no basta \u201ccon personas de car\u00e1cter fuerte, ni con pol\u00edticas garantistas que ya demostraron ser ineficaces y que no han logrado que los menores que delinquen puedan reinsertarse en la sociedad\u201d.<\/p>\n<p>Por otra parte, el actual intendente interino de Lan\u00fas neg\u00f3 que el delito est\u00e9 relacionado de forma directa con el consumo de drogas sino que el mismo est\u00e1 vinculado a la sensaci\u00f3n de impunidad.<\/p>\n<p>\u201cSalen a robar cuando se les va el efecto de la sustancia. El problema principal es que sienten que no pasa nada, que no van presos. Ponemos la discusi\u00f3n en la falta de polic\u00edas pero el tema es que los jueces no se dan cuenta de que devolver al ladr\u00f3n al lugar donde viv\u00eda perpet\u00faa el problema. Yo mismo vi casos donde dieron prisi\u00f3n domiciliaria a pibes que se dedicaban a robar en los pasillos de la villa\u201d, puntualiz\u00f3.<\/p>\n<p>En cuanto al proyecto de ley presentado ante el Congreso sobre la descentralizaci\u00f3n de la Polic\u00eda Local a las intendencias, Kravetz afirm\u00f3 que un conjunto de personas est\u00e1 trabajando en ese tema.<\/p>\n<p>\u201cEl poder pol\u00edtico es el que orienta finalmente hacia d\u00f3nde ir\u00e1 enfocada la lucha contra el delito pero eso requiere de una fuerte descentralizaci\u00f3n, acompa\u00f1ada de un exhaustivo control provincial\u201d, remarc\u00f3.<\/p>\n<p>Por \u00faltimo, Kravetz hizo hincapi\u00e9 en la protecci\u00f3n de la ciudadan\u00eda y en los distintos factores involucrados para desarrollar medidas de prevenci\u00f3n que resulten eficientes.<\/p>\n<p>\u201cLos ciudadanos quieren sentirse seguros en su vida cotidiana y eso tiene que ver con un mont\u00f3n de cuestiones culturales y sociales. La presencia policial no es disuasiva en s\u00ed misma. Por eso, el desaf\u00edo es brindar un servicio consciente, adecuado y decidido que cuide a la poblaci\u00f3n. Para eso, es necesario que el poder pol\u00edtico act\u00fae y defienda a los vecinos de la delincuencia\u201d, cerr\u00f3 <strong>(VW)<\/strong>.<\/p>\n","protected":false},"excerpt":{"rendered":"<p>As\u00ed lo asegur\u00f3 en un el programa Opini\u00f3n P\u00fablica de canal 9 y dio su visi\u00f3n sobre la lucha contra la inseguridad en el conurbano.<\/p>\n","protected":false},"author":3,"featured_media":797,"comment_status":"closed","ping_status":"closed","sticky":false,"template":"","format":"standard","meta":{"_monsterinsights_skip_tracking":false,"_monsterinsights_sitenote_active":false,"_monsterinsights_sitenote_note":"","_monsterinsights_sitenote_category":0,"footnotes":""},"categories":[4],"tags":[4858,4859,4856,4857,1594],"class_list":["post-11676","post","type-post","status-publish","format-standard","has-post-thumbnail","hentry","category-politica","tag-cambio","tag-drogas","tag-insguridd","tag-paradigmas","tag-pibes"],"_links":{"self":[{"href":"https:\/\/www.visionweb.com.ar\/index.php?rest_route=\/wp\/v2\/posts\/11676","targetHints":{"allow":["GET"]}}],"collection":[{"href":"https:\/\/www.visionweb.com.ar\/index.php?rest_route=\/wp\/v2\/posts"}],"about":[{"href":"https:\/\/www.visionweb.com.ar\/index.php?rest_route=\/wp\/v2\/types\/post"}],"author":[{"embeddable":true,"href":"https:\/\/www.visionweb.com.ar\/index.php?rest_route=\/wp\/v2\/users\/3"}],"replies":[{"embeddable":true,"href":"https:\/\/www.visionweb.com.ar\/index.php?rest_route=%2Fwp%2Fv2%2Fcomments&post=11676"}],"version-history":[{"count":1,"href":"https:\/\/www.visionweb.com.ar\/index.php?rest_route=\/wp\/v2\/posts\/11676\/revisions"}],"predecessor-version":[{"id":11677,"href":"https:\/\/www.visionweb.com.ar\/index.php?rest_route=\/wp\/v2\/posts\/11676\/revisions\/11677"}],"wp:featuredmedia":[{"embeddable":true,"href":"https:\/\/www.visionweb.com.ar\/index.php?rest_route=\/wp\/v2\/media\/797"}],"wp:attachment":[{"href":"https:\/\/www.visionweb.com.ar\/index.php?rest_route=%2Fwp%2Fv2%2Fmedia&parent=11676"}],"wp:term":[{"taxonomy":"category","embeddable":true,"href":"https:\/\/www.visionweb.com.ar\/index.php?rest_route=%2Fwp%2Fv2%2Fcategories&post=11676"},{"taxonomy":"post_tag","embeddable":true,"href":"https:\/\/www.visionweb.com.ar\/index.php?rest_route=%2Fwp%2Fv2%2Ftags&post=11676"}],"curies":[{"name":"wp","href":"https:\/\/api.w.org\/{rel}","templated":true}]}}