{"id":11654,"date":"2023-09-01T10:07:25","date_gmt":"2023-09-01T13:07:25","guid":{"rendered":"https:\/\/www.visionweb.com.ar\/?p=11654"},"modified":"2023-09-01T10:07:25","modified_gmt":"2023-09-01T13:07:25","slug":"preparativos-para-la-caminata-a-lujan-2023-sera-la-numero-49-y-arrancara-el-30-de-septiembre","status":"publish","type":"post","link":"https:\/\/www.visionweb.com.ar\/?p=11654","title":{"rendered":"Preparativos para la Caminata a Luj\u00e1n 2023: Ser\u00e1 la n\u00famero 49, y arrancar\u00e1 el 30 de septiembre"},"content":{"rendered":"<p><em><strong>El lema de este a\u00f1o ser\u00e1: \u00abMadre, estamos en tus manos, danos fuerza para unirnos\u00bb. La primera peregrinaci\u00f3n juvenil a Luj\u00e1n cont\u00f3 con s\u00f3lo 30 fieles, y en la actualidad ya han participado hasta 2 millones de personas.<\/strong><\/em><!--more--><\/p>\n<div id=\"attachment_11655\" style=\"width: 310px\" class=\"wp-caption alignleft\"><img loading=\"lazy\" decoding=\"async\" aria-describedby=\"caption-attachment-11655\" class=\"wp-image-11655 size-medium\" src=\"https:\/\/www.visionweb.com.ar\/wp-content\/uploads\/2023\/09\/a-lujan-300x169.png\" alt=\"\" width=\"300\" height=\"169\" srcset=\"https:\/\/www.visionweb.com.ar\/wp-content\/uploads\/2023\/09\/a-lujan-300x169.png 300w, https:\/\/www.visionweb.com.ar\/wp-content\/uploads\/2023\/09\/a-lujan.png 475w\" sizes=\"auto, (max-width: 300px) 100vw, 300px\" \/><p id=\"caption-attachment-11655\" class=\"wp-caption-text\">Imagen Servidores de la Virgen de Luj\u00e1n.<\/p><\/div>\n<p><strong>\u00a0 L<\/strong>a<strong> Peregrinaci\u00f3n a\u00a0Luj\u00e1n se llevar\u00e1 a cabo en menos de un mes<\/strong>, y como todos los a\u00f1os la Bas\u00edlica Nuestra Se\u00f1ora de Luj\u00e1n recibir\u00e1 a\u00a0<strong>miles de fieles que s\u00f3lo por fe caminan casi 60 kil\u00f3metros, <\/strong>y parten desde la localidad de Liniers para pedir y agradecer.<\/p>\n<p>Se trata de la 49\u00b0 edici\u00f3n de la caminata, que se realizar\u00e1 los d\u00edas\u00a0<strong>30 de septiembre y 1 de octubre, <\/strong>bajo<strong> el lema<\/strong>:\u00a0<strong>\u00abMadre, estamos en tus manos, danos fuerza para unirnos\u00bb<\/strong>, seg\u00fan comparti\u00f3 el sitio oficial de la caminata m\u00e1s grande del pa\u00eds.<\/p>\n<p><strong>La convocatoria tambi\u00e9n invita a los fieles a llevar una vela para iluminar el camino, como as\u00ed tambi\u00e9n un alimento no perecedero para C\u00e1ritas<\/strong>.<\/p>\n<p>A\u00f1o tras a\u00f1o, una multitud de creyentes, y tambi\u00e9n simpatizantes, camina desde Liniers hasta el Santuario de Luj\u00e1n. Hay quienes buscan cumplir promesas y hasta lo hacen de rodillas.<\/p>\n<p>El dato es que la primera peregrinaci\u00f3n juvenil a Luj\u00e1n se realiz\u00f3 el 25 de octubre de 1975, y cont\u00f3 con s\u00f3lo 30 fieles, mientras que en la actualidad se han llegado a convocar hasta 2 millones.<\/p>\n<p><strong>Elementos que no pueden faltar en la caminata:<\/strong><\/p>\n<ul>\n<li>Calzado c\u00f3modo.<\/li>\n<li>Ropa fresca y un abrigo que no resulte pesado.<\/li>\n<li>Protector solar.<\/li>\n<li>Comida, incluyendo frutas.<\/li>\n<li>Botella de agua de uso personal, ya que habr\u00e1 m\u00faltiples puestos de agua para recargar.<\/li>\n<li>Bolsa de residuos para no dejar desechos en la ruta.<\/li>\n<li>Elementos de higiene personal<\/li>\n<li>Documentos personales.<\/li>\n<li>N\u00famero de tel\u00e9fono de alguien a quien llamar en caso de emergencia.<\/li>\n<\/ul>\n<p>Tambi\u00e9n en esta nueva edici\u00f3n, el evento volver\u00e1 a contar con una transmisi\u00f3n online, tanto de las misas como de las celebraciones, en el canal de Youtube\u00a0<a href=\"https:\/\/www.youtube.com\/channel\/UCFrj6t7M8nbomwp6h8iueOA\">de este link<\/a>. <strong>(VW)<\/strong><\/p>\n","protected":false},"excerpt":{"rendered":"<p>El lema de este a\u00f1o ser\u00e1: \u00abMadre, estamos en tus manos, danos fuerza para unirnos\u00bb. La primera peregrinaci\u00f3n juvenil a Luj\u00e1n cont\u00f3 con s\u00f3lo 30 fieles, y en la actualidad ya han participado hasta&#46;&#46;&#46;<\/p>\n","protected":false},"author":4,"featured_media":11655,"comment_status":"closed","ping_status":"closed","sticky":false,"template":"","format":"standard","meta":{"_monsterinsights_skip_tracking":false,"_monsterinsights_sitenote_active":false,"_monsterinsights_sitenote_note":"","_monsterinsights_sitenote_category":0,"footnotes":""},"categories":[8,5],"tags":[4848],"class_list":["post-11654","post","type-post","status-publish","format-standard","has-post-thumbnail","hentry","category-interes-general","category-sociedad","tag-caminata-a-lujan-2023"],"_links":{"self":[{"href":"https:\/\/www.visionweb.com.ar\/index.php?rest_route=\/wp\/v2\/posts\/11654","targetHints":{"allow":["GET"]}}],"collection":[{"href":"https:\/\/www.visionweb.com.ar\/index.php?rest_route=\/wp\/v2\/posts"}],"about":[{"href":"https:\/\/www.visionweb.com.ar\/index.php?rest_route=\/wp\/v2\/types\/post"}],"author":[{"embeddable":true,"href":"https:\/\/www.visionweb.com.ar\/index.php?rest_route=\/wp\/v2\/users\/4"}],"replies":[{"embeddable":true,"href":"https:\/\/www.visionweb.com.ar\/index.php?rest_route=%2Fwp%2Fv2%2Fcomments&post=11654"}],"version-history":[{"count":1,"href":"https:\/\/www.visionweb.com.ar\/index.php?rest_route=\/wp\/v2\/posts\/11654\/revisions"}],"predecessor-version":[{"id":11656,"href":"https:\/\/www.visionweb.com.ar\/index.php?rest_route=\/wp\/v2\/posts\/11654\/revisions\/11656"}],"wp:featuredmedia":[{"embeddable":true,"href":"https:\/\/www.visionweb.com.ar\/index.php?rest_route=\/wp\/v2\/media\/11655"}],"wp:attachment":[{"href":"https:\/\/www.visionweb.com.ar\/index.php?rest_route=%2Fwp%2Fv2%2Fmedia&parent=11654"}],"wp:term":[{"taxonomy":"category","embeddable":true,"href":"https:\/\/www.visionweb.com.ar\/index.php?rest_route=%2Fwp%2Fv2%2Fcategories&post=11654"},{"taxonomy":"post_tag","embeddable":true,"href":"https:\/\/www.visionweb.com.ar\/index.php?rest_route=%2Fwp%2Fv2%2Ftags&post=11654"}],"curies":[{"name":"wp","href":"https:\/\/api.w.org\/{rel}","templated":true}]}}