{"id":11651,"date":"2023-09-01T09:45:37","date_gmt":"2023-09-01T12:45:37","guid":{"rendered":"https:\/\/www.visionweb.com.ar\/?p=11651"},"modified":"2023-09-01T09:45:37","modified_gmt":"2023-09-01T12:45:37","slug":"previaje-5-abrio-hoy-el-periodo-de-compra-y-estara-disponible-hasta-el-proximo-jueves","status":"publish","type":"post","link":"https:\/\/www.visionweb.com.ar\/?p=11651","title":{"rendered":"Previaje 5: Abri\u00f3 hoy el per\u00edodo de compra y estar\u00e1 disponible hasta el pr\u00f3ximo jueves"},"content":{"rendered":"<p><em><strong>En campa\u00f1a: Massa lanz\u00f3 el programa junto a Mat\u00edas Lammens, en un acto de presentaci\u00f3n en Paran\u00e1.<\/strong><strong> \u00abVan a haber Previaje 6, 7, 8, 9 y 10 si en octubre y en noviembre los argentinos nos dan la oportunidad de seguir adelante\u00bb, dijo Massa.<\/strong><\/em><!--more--><\/p>\n<div id=\"attachment_11652\" style=\"width: 310px\" class=\"wp-caption alignright\"><img loading=\"lazy\" decoding=\"async\" aria-describedby=\"caption-attachment-11652\" class=\"wp-image-11652 size-medium\" src=\"https:\/\/www.visionweb.com.ar\/wp-content\/uploads\/2023\/09\/a-masa-300x194.png\" alt=\"\" width=\"300\" height=\"194\" srcset=\"https:\/\/www.visionweb.com.ar\/wp-content\/uploads\/2023\/09\/a-masa-300x194.png 300w, https:\/\/www.visionweb.com.ar\/wp-content\/uploads\/2023\/09\/a-masa.png 500w\" sizes=\"auto, (max-width: 300px) 100vw, 300px\" \/><p id=\"caption-attachment-11652\" class=\"wp-caption-text\">Lanzamiento del Previaje 5 en la ciudad de Paran\u00e1. Foto internet<\/p><\/div>\n<p><strong> \u00a0 E<\/strong>l ministro de Econom\u00eda y candidato a presidente por Uni\u00f3n por la Patria, Sergio Massa, encabez\u00f3 ayer el lanzamiento de la<strong> quinta edici\u00f3n del Previaje, defendi\u00f3 la inversi\u00f3n del Estado para promover la actividad econ\u00f3mica.<\/strong><\/p>\n<p>Esta quinta edici\u00f3n del\u00a0programa de preventa tur\u00edstica\u00a0regir\u00e1 del<strong> 1 al 7 de septiembre para ejecutar las compras, <\/strong>y ser\u00e1<strong> para viajar\u00a0entre el\u00a026 de septiembre al 17 de octubre, <\/strong>en consonancia con la<strong> temporada baja.<\/p>\n<p>Massa afirm\u00f3 que \u201clos argentinos tenemos con qu\u00e9 salir adelante\u201d, y convoc\u00f3 a la ciudadan\u00eda a \u201cdefender al pa\u00eds y a lo que valemos\u201d, durante un acto en Paran\u00e1, Entre R\u00edos, que comparti\u00f3 con el ministro de Turismo y Deportes, Mat\u00edas Lammens, y el gobernador de esa provincia, Gustavo Bordet.<\/strong><\/p>\n<p>La iniciativa ofrece un reintegro del 50% de los gastos, que en el caso de los jubilados llega al 70%, e incluye el \u00faltimo fin de semana extralargo del a\u00f1o, que va del 13 al 16 de octubre, por el D\u00eda del Respeto a la Diversidad Cultural.<\/p>\n<p>\u201cEl Previaje es la decisi\u00f3n del Estado de invertir en una pol\u00edtica para promover una actividad econ\u00f3mica. El Estado le devolver\u00e1 a la gente desde setiembre y hasta el 17 de octubre el 50% de lo que gasten y hasta $ 100.000 para poder hacer turismo\u201d dentro del pa\u00eds, destac\u00f3 ayer el ministro.<\/p>\n<p>\u201cA pesar de las dificultades que tenemos como pa\u00eds,<strong> la crisis que tenemos que atravesar est\u00e1 terminando, <\/strong>y eso nos permite mirar un 2024 mucho mejor\u201d.<\/p>\n<p>Por \u00faltimo, el candidato a presidente por Uni\u00f3n por la Patria sostuvo que \u00abpara nosotros el Previaje 5 es un paso m\u00e1s en un camino\u00bb y prometi\u00f3 que <strong>\u00abvan a haber Previaje 6, 7, 8, 9 y 10 si en octubre y en noviembre los argentinos nos dan la oportunidad de seguir adelante\u00bb<\/strong>. <strong>(VW)<\/strong><\/p>\n","protected":false},"excerpt":{"rendered":"<p>En campa\u00f1a: Massa lanz\u00f3 el programa junto a Mat\u00edas Lammens, en un acto de presentaci\u00f3n en Paran\u00e1. \u00abVan a haber Previaje 6, 7, 8, 9 y 10 si en octubre y en noviembre los&#46;&#46;&#46;<\/p>\n","protected":false},"author":4,"featured_media":11652,"comment_status":"closed","ping_status":"closed","sticky":false,"template":"","format":"standard","meta":{"_monsterinsights_skip_tracking":false,"_monsterinsights_sitenote_active":false,"_monsterinsights_sitenote_note":"","_monsterinsights_sitenote_category":0,"footnotes":""},"categories":[8,4,700],"tags":[4847,263,869,4846],"class_list":["post-11651","post","type-post","status-publish","format-standard","has-post-thumbnail","hentry","category-interes-general","category-politica","category-turismo","tag-abrio-venta","tag-lammens","tag-massa","tag-previaje-5"],"_links":{"self":[{"href":"https:\/\/www.visionweb.com.ar\/index.php?rest_route=\/wp\/v2\/posts\/11651","targetHints":{"allow":["GET"]}}],"collection":[{"href":"https:\/\/www.visionweb.com.ar\/index.php?rest_route=\/wp\/v2\/posts"}],"about":[{"href":"https:\/\/www.visionweb.com.ar\/index.php?rest_route=\/wp\/v2\/types\/post"}],"author":[{"embeddable":true,"href":"https:\/\/www.visionweb.com.ar\/index.php?rest_route=\/wp\/v2\/users\/4"}],"replies":[{"embeddable":true,"href":"https:\/\/www.visionweb.com.ar\/index.php?rest_route=%2Fwp%2Fv2%2Fcomments&post=11651"}],"version-history":[{"count":1,"href":"https:\/\/www.visionweb.com.ar\/index.php?rest_route=\/wp\/v2\/posts\/11651\/revisions"}],"predecessor-version":[{"id":11653,"href":"https:\/\/www.visionweb.com.ar\/index.php?rest_route=\/wp\/v2\/posts\/11651\/revisions\/11653"}],"wp:featuredmedia":[{"embeddable":true,"href":"https:\/\/www.visionweb.com.ar\/index.php?rest_route=\/wp\/v2\/media\/11652"}],"wp:attachment":[{"href":"https:\/\/www.visionweb.com.ar\/index.php?rest_route=%2Fwp%2Fv2%2Fmedia&parent=11651"}],"wp:term":[{"taxonomy":"category","embeddable":true,"href":"https:\/\/www.visionweb.com.ar\/index.php?rest_route=%2Fwp%2Fv2%2Fcategories&post=11651"},{"taxonomy":"post_tag","embeddable":true,"href":"https:\/\/www.visionweb.com.ar\/index.php?rest_route=%2Fwp%2Fv2%2Ftags&post=11651"}],"curies":[{"name":"wp","href":"https:\/\/api.w.org\/{rel}","templated":true}]}}