{"id":11648,"date":"2023-09-01T08:50:31","date_gmt":"2023-09-01T11:50:31","guid":{"rendered":"https:\/\/www.visionweb.com.ar\/?p=11648"},"modified":"2023-08-31T21:20:27","modified_gmt":"2023-09-01T00:20:27","slug":"patricia-bullrich-presento-a-carlos-melconian-para-ministro-de-economia","status":"publish","type":"post","link":"https:\/\/www.visionweb.com.ar\/?p=11648","title":{"rendered":"Patricia Bullrich present\u00f3 a Carlos Melconian para ministro de Econom\u00eda"},"content":{"rendered":"<p><em><strong>Fue ayer durante un Acto en la Fundaci\u00f3n Mediterr\u00e1nea. \u201cHay que frenar el caos\u00a0que tiene la Argentina, y eso se hace con orden, en todos los aspectos\u201d, dijo Bullrich.<\/strong><\/em><!--more--><\/p>\n<div id=\"attachment_11649\" style=\"width: 310px\" class=\"wp-caption alignright\"><img loading=\"lazy\" decoding=\"async\" aria-describedby=\"caption-attachment-11649\" class=\"wp-image-11649 size-medium\" src=\"https:\/\/www.visionweb.com.ar\/wp-content\/uploads\/2023\/08\/a-pato-300x169.png\" alt=\"\" width=\"300\" height=\"169\" srcset=\"https:\/\/www.visionweb.com.ar\/wp-content\/uploads\/2023\/08\/a-pato-300x169.png 300w, https:\/\/www.visionweb.com.ar\/wp-content\/uploads\/2023\/08\/a-pato.png 409w\" sizes=\"auto, (max-width: 300px) 100vw, 300px\" \/><p id=\"caption-attachment-11649\" class=\"wp-caption-text\">Bullrich y Melconian en la presentaci\u00f3n. Imagen de internet<\/p><\/div>\n<p><strong>\u00a0\u00a0 L<\/strong>a candidata a la presidencia de\u00a0Juntos Por el Cambio, <strong>Patricia Bullrich<\/strong>, particip\u00f3 ayer por la mana\u00f1a de un evento en la Fundaci\u00f3n Mediterr\u00e1nea de C\u00f3rdoba, en el que present\u00f3 al economista Carlos Melconian como su ministro de Econom\u00eda.<\/p>\n<p>En el\u00a0Ciclo de Voces Federales, y frente a m\u00e1s de 300 empresarios de los sectores productivos del centro del pa\u00eds, el economista y la candidata presentaron los lineamientos generales, del plan econ\u00f3mico que proponen.<\/p>\n<p>Bullrich \u00a0habl\u00f3 de econom\u00eda, confirm\u00f3 su postura en cuanto a la seguridad, y tambi\u00e9n sobre la eliminaci\u00f3n de los beneficios de la clase pol\u00edtica.<\/p>\n<p>Se refiri\u00f3 a la necesidad de que Argentina tenga \u201cun Gobierno de transformaci\u00f3n con un capitalismo de reglas, con transparencia, en el cual se terminen los privilegios\u201d.<\/p>\n<p>\u201cLos n\u00fameros importan, pero\u00a0<strong>hay que entender que atr\u00e1s de cada una de las cosas que hagamos hay una familia<\/strong>, un negocio que est\u00e1 esperando tener previsibilidad para poder apostar. Esa Argentina humanista es la que queremos\u201d, enfatiz\u00f3.<\/p>\n<p>Tambi\u00e9n se refiri\u00f3 a la muerte del ingeniero\u00a0<strong>Mariano Barbieri, asesinado horas antes en un hecho de inseguridad<\/strong>: \u201cHoy, en la\u00a0<strong>ciudad de Buenos Aires<\/strong>, <strong>mataron a un hombre.<\/strong> Esa Argentina es la que tenemos que cambiar.\u00a0<strong>Hay que frenar el caos<\/strong>\u00a0que tiene la Argentina, y eso se hace con orden, en todos los aspectos. La Argentina del caos es ingobernable\u201d.<\/p>\n<p><strong>\u201cTenemos que pensar en la apertura al mundo pero ser inteligentes<\/strong>, no tenemos que dejar caer a nuestro campo, a nuestra industria; somos un pa\u00eds complejo, pero <strong>no tenemos que dejar caer a nadie<\/strong>\u201d, detall\u00f3 Bullrich.<\/p>\n<p>Melconian a su turno, agradeci\u00f3 a Bullrrich por tomar el plan econ\u00f3mico que vienen desarrollando junto al\u00a0<strong>IERAL<\/strong>\u00a0de la Fundaci\u00f3n Mediterr\u00e1nea desde diciembre del 2021 y dijo:\u00a0<strong>\u201chay un plan, es realista, tiene sentido com\u00fan, es pr\u00e1ctico<\/strong>. No estamos frente a un salto al vac\u00edo.\u00a0<strong>Estamos listos<\/strong>\u201d<\/p>\n<p>\u201cLimpieza, transparencia y austeridad es lo que tiene este programa. Vamos a ser inflexibles en el arbitraje con el sector privado\u201d, y agreg\u00f3 \u201cinundaremos cada rinc\u00f3n del pa\u00eds con nuestras propuestas que son\u00a0<strong>capitalistas, occidentales, federales, progresistas e implementables<\/strong>, lo \u00fanico que est\u00e1 prohibido es fantasear con teor\u00edas imposibles de poner en pr\u00e1ctica\u201d.<\/p>\n<p><strong>Cabe mencionar, que la\u00a0fundaci\u00f3n de estudios econ\u00f3micos es la que viene elaborando hace dos a\u00f1os un plan con un grupo de 30 economistas, conducidos por Melconian,<\/strong>\u00a0quien ser\u00e1 el ministro del \u00e1rea en caso de que la candidata opositora llegue a la Casa Rosada. <strong>(VW)<\/strong><\/p>\n","protected":false},"excerpt":{"rendered":"<p>Fue ayer durante un Acto en la Fundaci\u00f3n Mediterr\u00e1nea. \u201cHay que frenar el caos\u00a0que tiene la Argentina, y eso se hace con orden, en todos los aspectos\u201d, dijo Bullrich.<\/p>\n","protected":false},"author":4,"featured_media":11649,"comment_status":"closed","ping_status":"closed","sticky":false,"template":"","format":"standard","meta":{"_monsterinsights_skip_tracking":false,"_monsterinsights_sitenote_active":false,"_monsterinsights_sitenote_note":"","_monsterinsights_sitenote_category":0,"footnotes":""},"categories":[4],"tags":[4845,646,4056],"class_list":["post-11648","post","type-post","status-publish","format-standard","has-post-thumbnail","hentry","category-politica","tag-carlos-melconian","tag-economia","tag-patricia-bullrich"],"_links":{"self":[{"href":"https:\/\/www.visionweb.com.ar\/index.php?rest_route=\/wp\/v2\/posts\/11648","targetHints":{"allow":["GET"]}}],"collection":[{"href":"https:\/\/www.visionweb.com.ar\/index.php?rest_route=\/wp\/v2\/posts"}],"about":[{"href":"https:\/\/www.visionweb.com.ar\/index.php?rest_route=\/wp\/v2\/types\/post"}],"author":[{"embeddable":true,"href":"https:\/\/www.visionweb.com.ar\/index.php?rest_route=\/wp\/v2\/users\/4"}],"replies":[{"embeddable":true,"href":"https:\/\/www.visionweb.com.ar\/index.php?rest_route=%2Fwp%2Fv2%2Fcomments&post=11648"}],"version-history":[{"count":1,"href":"https:\/\/www.visionweb.com.ar\/index.php?rest_route=\/wp\/v2\/posts\/11648\/revisions"}],"predecessor-version":[{"id":11650,"href":"https:\/\/www.visionweb.com.ar\/index.php?rest_route=\/wp\/v2\/posts\/11648\/revisions\/11650"}],"wp:featuredmedia":[{"embeddable":true,"href":"https:\/\/www.visionweb.com.ar\/index.php?rest_route=\/wp\/v2\/media\/11649"}],"wp:attachment":[{"href":"https:\/\/www.visionweb.com.ar\/index.php?rest_route=%2Fwp%2Fv2%2Fmedia&parent=11648"}],"wp:term":[{"taxonomy":"category","embeddable":true,"href":"https:\/\/www.visionweb.com.ar\/index.php?rest_route=%2Fwp%2Fv2%2Fcategories&post=11648"},{"taxonomy":"post_tag","embeddable":true,"href":"https:\/\/www.visionweb.com.ar\/index.php?rest_route=%2Fwp%2Fv2%2Ftags&post=11648"}],"curies":[{"name":"wp","href":"https:\/\/api.w.org\/{rel}","templated":true}]}}