{"id":11645,"date":"2023-09-01T08:30:40","date_gmt":"2023-09-01T11:30:40","guid":{"rendered":"https:\/\/www.visionweb.com.ar\/?p=11645"},"modified":"2023-08-31T20:44:00","modified_gmt":"2023-08-31T23:44:00","slug":"en-lanus-realizaron-un-taller-de-autoproteccion","status":"publish","type":"post","link":"https:\/\/www.visionweb.com.ar\/?p=11645","title":{"rendered":"En Lan\u00fas realizaron un taller de autoprotecci\u00f3n"},"content":{"rendered":"<p><em><strong>Participaron 130 chicos de de 5\u00ba y 6\u00ba a\u00f1o de la escuelas secundaria Santa Teresa de Lan\u00fas oeste. usaron un desfibrilador como pr\u00e1ctica<\/strong><\/em> <!--more--><\/p>\n<p><img loading=\"lazy\" decoding=\"async\" class=\"size-medium wp-image-11646 alignright\" src=\"https:\/\/www.visionweb.com.ar\/wp-content\/uploads\/2023\/08\/CAPACITACION-EN-EMERGENCIAS-300x200.jpeg\" alt=\"\" width=\"300\" height=\"200\" srcset=\"https:\/\/www.visionweb.com.ar\/wp-content\/uploads\/2023\/08\/CAPACITACION-EN-EMERGENCIAS-300x200.jpeg 300w, https:\/\/www.visionweb.com.ar\/wp-content\/uploads\/2023\/08\/CAPACITACION-EN-EMERGENCIAS.jpeg 640w\" sizes=\"auto, (max-width: 300px) 100vw, 300px\" \/>Un total de 130 chicos de la escuela secundaria Santa Teresita de Lan\u00fas participaron de un taller de capacitaci\u00f3n en t\u00e9cnicas de autoprotecci\u00f3n para alumnos de 5\u00b0 y 6\u00b0 a\u00f1o de escuelas secundarias del distrito.<\/p>\n<p>El taller fue organizado por el municipio de Lan\u00fas con la particpaci\u00f3n de personal del \u00e1rea de Defensa civil.<\/p>\n<p>Durante la jornada, personal del \u00e1rea explic\u00f3 a los alumnos c\u00f3mo deben accionar ante situaciones de emergencia.<\/p>\n<p>Tambi\u00e9n les ense\u00f1aron a realizar maniobras de Reanimaci\u00f3n Cardiopulmonar (RCP), y de Heimlich, que sirve para desobstruir el conducto respiratorio.<\/p>\n<p>En esta misma l\u00ednea, los estudiantes aprendieron a utilizar un desfibrilador externo autom\u00e1tico (DEA).<\/p>\n<p>Una vez finalizada la actividad, cada estudiante recibi\u00f3 un certificado que v\u00e1lida los conocimientos adquiridos. De esta forma, el Municipio suma acciones para que los vecinos cuenten con m\u00e1s y mejores herramientas de protecci\u00f3n.\u00a0Estas jornadas son gratuitas y se replicar\u00e1n en otras escuelas del distrito <strong>(VW)<\/strong>.<\/p>\n<p>&nbsp;<\/p>\n","protected":false},"excerpt":{"rendered":"<p>Participaron 130 chicos de de 5\u00ba y 6\u00ba a\u00f1o de la escuelas secundaria Santa Teresa de Lan\u00fas oeste. usaron un desfibrilador como pr\u00e1ctica<\/p>\n","protected":false},"author":3,"featured_media":11646,"comment_status":"closed","ping_status":"closed","sticky":false,"template":"","format":"standard","meta":{"_monsterinsights_skip_tracking":false,"_monsterinsights_sitenote_active":false,"_monsterinsights_sitenote_note":"","_monsterinsights_sitenote_category":0,"footnotes":""},"categories":[5],"tags":[2460,949,1181,1775],"class_list":["post-11645","post","type-post","status-publish","format-standard","has-post-thumbnail","hentry","category-sociedad","tag-alumnos","tag-capacitacion","tag-escuela","tag-rcp"],"_links":{"self":[{"href":"https:\/\/www.visionweb.com.ar\/index.php?rest_route=\/wp\/v2\/posts\/11645","targetHints":{"allow":["GET"]}}],"collection":[{"href":"https:\/\/www.visionweb.com.ar\/index.php?rest_route=\/wp\/v2\/posts"}],"about":[{"href":"https:\/\/www.visionweb.com.ar\/index.php?rest_route=\/wp\/v2\/types\/post"}],"author":[{"embeddable":true,"href":"https:\/\/www.visionweb.com.ar\/index.php?rest_route=\/wp\/v2\/users\/3"}],"replies":[{"embeddable":true,"href":"https:\/\/www.visionweb.com.ar\/index.php?rest_route=%2Fwp%2Fv2%2Fcomments&post=11645"}],"version-history":[{"count":1,"href":"https:\/\/www.visionweb.com.ar\/index.php?rest_route=\/wp\/v2\/posts\/11645\/revisions"}],"predecessor-version":[{"id":11647,"href":"https:\/\/www.visionweb.com.ar\/index.php?rest_route=\/wp\/v2\/posts\/11645\/revisions\/11647"}],"wp:featuredmedia":[{"embeddable":true,"href":"https:\/\/www.visionweb.com.ar\/index.php?rest_route=\/wp\/v2\/media\/11646"}],"wp:attachment":[{"href":"https:\/\/www.visionweb.com.ar\/index.php?rest_route=%2Fwp%2Fv2%2Fmedia&parent=11645"}],"wp:term":[{"taxonomy":"category","embeddable":true,"href":"https:\/\/www.visionweb.com.ar\/index.php?rest_route=%2Fwp%2Fv2%2Fcategories&post=11645"},{"taxonomy":"post_tag","embeddable":true,"href":"https:\/\/www.visionweb.com.ar\/index.php?rest_route=%2Fwp%2Fv2%2Ftags&post=11645"}],"curies":[{"name":"wp","href":"https:\/\/api.w.org\/{rel}","templated":true}]}}