{"id":11638,"date":"2023-09-01T07:49:30","date_gmt":"2023-09-01T10:49:30","guid":{"rendered":"https:\/\/www.visionweb.com.ar\/?p=11638"},"modified":"2023-08-31T20:20:37","modified_gmt":"2023-08-31T23:20:37","slug":"comenzo-el-festival-internacional-de-cine-bonaerense","status":"publish","type":"post","link":"https:\/\/www.visionweb.com.ar\/?p=11638","title":{"rendered":"Comenz\u00f3 el festival internacional de cine bonaerense"},"content":{"rendered":"<p><em><strong>La apertura del Festival de Cine de la Provincia se realiz\u00f3 en el Teatro Argentino, en La Plata. Ser\u00e1n proyectadas m\u00e1s de 200 pel\u00edculas y habr\u00e1 charlas con referentes del \u00e1mbito audiovisual y shows musicales.<\/strong><\/em><!--more--><\/p>\n<p><strong><img loading=\"lazy\" decoding=\"async\" class=\"size-medium wp-image-11640 alignright\" src=\"https:\/\/www.visionweb.com.ar\/wp-content\/uploads\/2023\/08\/FESTIVAL-DE-CINE-300x169.png\" alt=\"\" width=\"300\" height=\"169\" srcset=\"https:\/\/www.visionweb.com.ar\/wp-content\/uploads\/2023\/08\/FESTIVAL-DE-CINE-300x169.png 300w, https:\/\/www.visionweb.com.ar\/wp-content\/uploads\/2023\/08\/FESTIVAL-DE-CINE.png 640w\" sizes=\"auto, (max-width: 300px) 100vw, 300px\" \/>Q<\/strong>ued\u00f3 inaugurado oficialmente, este jueves, el Festival Internacional de Cine de la Provincia de Buenos Aires (FICPBA) que hasta el 10 de septiembre ofrecer\u00e1 m\u00e1s de 200 pel\u00edculas y cortos realizados en territorio bonaerense, estrenos nacionales e internacionales.<\/p>\n<p>Ademas se anunci\u00f3 la plataforma Bafilma y hubo reconocimientos a distintas personalidades del mundo audiovisual. El cierre musical estuvo a cargo de Juana Molina.<\/p>\n<p>\u201cEs un festival de festivales, que promueve el encuentro entre nuestros artistas consagrados y aquellos que son emergentes, habr\u00e1 clases magistrales, donde todas las actividades son gratuitas porque tiene que ser para todos\u201d, se\u00f1al\u00f3 a presidente del Instituto Cultural, Florencia Saintout.<\/p>\n<p>El Festival, que se celebrar\u00e1 del 2 al 10 de septiembre, tendr\u00e1 dos sedes principales: en La Plata ser\u00e1n el complejo cinematogr\u00e1fico Cinema Paradiso, donde se proyectar\u00e1n, gratis, producciones que formar\u00e1n parte de las competencias y de las secciones de exhibici\u00f3n.<\/p>\n<p>El Centro Provincial de las Artes Teatro Argentino, ser\u00e1 el punto de encuentro de actividades permanentes, clases magistrales, entrevistas abiertas, talleres y espect\u00e1culos ac\u00fasticos.<\/p>\n<p>En el Polo audiovisual de Merlo tambi\u00e9n se realizar\u00e1n proyecciones cinematogr\u00e1ficas y habr\u00e1 actividades especiales, as\u00ed como en salas de 40 municipios.<\/p>\n<p>\u201cEste festival tiene un car\u00e1cter internacional en el que aparecen pel\u00edculas como \u2018Un var\u00f3n\u2019 que representar\u00e1 a Colombia en los premios Oscars. El FICPBA es una cuesti\u00f3n de identidad, y la identidad de esta provincia se define por su diversidad. Este festival es un gran encuentro de identidades y de diversidades\u201d, sostuvo Paula de Luque, directora del festival.<\/p>\n<p><strong>Shows ac\u00fasticos<\/strong><\/p>\n<p>La m\u00fasica tambi\u00e9n estar\u00e1 presente en el FICPBA con shows ac\u00fasticos, conciertos, electr\u00f3nica y DJs. Se presentar\u00e1n Juana Molina, Santiago Motorizado, Antonio Birabent, Sergio P\u00e1ngaro, Coronados de Gloria, Lautaro Barcel\u00f3, Fernando Cabrera junto a In\u00e9s Est\u00e9vez, Les Neon y muchos artistas m\u00e1s de C\u00f3digo Provincia y Electr\u00f3nica Bonaerense, programas impulsados por el Instituto Cultural.<\/p>\n<p>La apertura, que se llev\u00f3 a cabo en la Sala Alberto Ginastera del Centro Provincial de las Artes Teatro Argentino de La Plata, cont\u00f3 con la presencia del ministro de Cultura de la Naci\u00f3n, Trist\u00e1n Bauer; la presidente del Instituto Cultural, Florencia Saintout, Paula de Luque, directora del Festival, actores, y representantes del sector<\/p>\n<p><strong>La plataforma Balfima<\/strong><\/p>\n<p>El anuncio m\u00e1s destacado fue\u00a0<strong>el lanzamiento de\u00a0<a href=\"https:\/\/bafilma.gba.gob.ar\/\" target=\"_blank\" rel=\"noopener\">Bafilma<\/a>, la plataforma audiovisual bonaerense que ya est\u00e1 disponible. y re\u00fane m\u00e1s de 500 t\u00edtulos\u00a0<\/strong>entre largometrajes y cortos de ficci\u00f3n y no ficci\u00f3n, documentales y animaci\u00f3n.<\/p>\n<p>Cuenta adem\u00e1s con un\u00a0<strong>cat\u00e1logo de locaciones de m\u00e1s de 4.000 im\u00e1genes de paisajes naturales, edificios de diferentes estilos arquitect\u00f3nicos, calles, rutas, ciudades y pueblos relevados en los 135 distintos\u00a0<\/strong>de la provincia de Buenos Aires.<\/p>\n<p>Adem\u00e1s, incluye un archivo audiovisual bonaerense, un espacio web que hace posible el acceso al acervo audiovisual de la Provincia de Buenos Aires, y, a su vez, <strong>pone en marcha el registro de directores, productores, actores, t\u00e9cnicos del sector\u00a0<\/strong>audiovisual. El registro tambi\u00e9n incluye a los exhibidores y salas de cine.<\/p>\n<p><strong>(VW)<\/strong><\/p>\n","protected":false},"excerpt":{"rendered":"<p>La apertura del Festival de Cine de la Provincia se realiz\u00f3 en el Teatro Argentino, en La Plata. Ser\u00e1n proyectadas m\u00e1s de 200 pel\u00edculas y habr\u00e1 charlas con referentes del \u00e1mbito audiovisual y shows&#46;&#46;&#46;<\/p>\n","protected":false},"author":3,"featured_media":11640,"comment_status":"closed","ping_status":"closed","sticky":false,"template":"","format":"standard","meta":{"_monsterinsights_skip_tracking":false,"_monsterinsights_sitenote_active":false,"_monsterinsights_sitenote_note":"","_monsterinsights_sitenote_category":0,"footnotes":""},"categories":[7],"tags":[1137,511,1850,228],"class_list":["post-11638","post","type-post","status-publish","format-standard","has-post-thumbnail","hentry","category-educacion-y-cultura","tag-argentino","tag-bonaerense","tag-cine","tag-festival"],"_links":{"self":[{"href":"https:\/\/www.visionweb.com.ar\/index.php?rest_route=\/wp\/v2\/posts\/11638","targetHints":{"allow":["GET"]}}],"collection":[{"href":"https:\/\/www.visionweb.com.ar\/index.php?rest_route=\/wp\/v2\/posts"}],"about":[{"href":"https:\/\/www.visionweb.com.ar\/index.php?rest_route=\/wp\/v2\/types\/post"}],"author":[{"embeddable":true,"href":"https:\/\/www.visionweb.com.ar\/index.php?rest_route=\/wp\/v2\/users\/3"}],"replies":[{"embeddable":true,"href":"https:\/\/www.visionweb.com.ar\/index.php?rest_route=%2Fwp%2Fv2%2Fcomments&post=11638"}],"version-history":[{"count":2,"href":"https:\/\/www.visionweb.com.ar\/index.php?rest_route=\/wp\/v2\/posts\/11638\/revisions"}],"predecessor-version":[{"id":11643,"href":"https:\/\/www.visionweb.com.ar\/index.php?rest_route=\/wp\/v2\/posts\/11638\/revisions\/11643"}],"wp:featuredmedia":[{"embeddable":true,"href":"https:\/\/www.visionweb.com.ar\/index.php?rest_route=\/wp\/v2\/media\/11640"}],"wp:attachment":[{"href":"https:\/\/www.visionweb.com.ar\/index.php?rest_route=%2Fwp%2Fv2%2Fmedia&parent=11638"}],"wp:term":[{"taxonomy":"category","embeddable":true,"href":"https:\/\/www.visionweb.com.ar\/index.php?rest_route=%2Fwp%2Fv2%2Fcategories&post=11638"},{"taxonomy":"post_tag","embeddable":true,"href":"https:\/\/www.visionweb.com.ar\/index.php?rest_route=%2Fwp%2Fv2%2Ftags&post=11638"}],"curies":[{"name":"wp","href":"https:\/\/api.w.org\/{rel}","templated":true}]}}