{"id":11636,"date":"2023-08-31T11:52:56","date_gmt":"2023-08-31T14:52:56","guid":{"rendered":"https:\/\/www.visionweb.com.ar\/?p=11636"},"modified":"2023-08-31T11:52:56","modified_gmt":"2023-08-31T14:52:56","slug":"paso-la-camara-electoral-informo-el-escrutinio-definitivo-y-se-modificaron-las-diferencias","status":"publish","type":"post","link":"https:\/\/www.visionweb.com.ar\/?p=11636","title":{"rendered":"PASO: La C\u00e1mara Electoral inform\u00f3 el escrutinio definitivo, y se modificaron las diferencias"},"content":{"rendered":"<p><em><strong>Milei baj\u00f3 del umbral del 30 por ciento de los votos, y qued\u00f3 un margen de menos del 3 por ciento entre las tres principales fuerzas.<\/strong><\/em><!--more--><\/p>\n<p><strong><img loading=\"lazy\" decoding=\"async\" class=\"size-medium wp-image-11058 alignright\" src=\"https:\/\/www.visionweb.com.ar\/wp-content\/uploads\/2023\/06\/CAMARA-NACIONAL-ELECTORAL-300x200.png\" alt=\"\" width=\"300\" height=\"200\" srcset=\"https:\/\/www.visionweb.com.ar\/wp-content\/uploads\/2023\/06\/CAMARA-NACIONAL-ELECTORAL-300x200.png 300w, https:\/\/www.visionweb.com.ar\/wp-content\/uploads\/2023\/06\/CAMARA-NACIONAL-ELECTORAL.png 640w\" sizes=\"auto, (max-width: 300px) 100vw, 300px\" \/>\u00a0\u00a0L<\/strong>a<strong> Justicia Electoral <\/strong>termin\u00f3 el<strong> escrutinio definitivo <\/strong>de los votos, e inform\u00f3 los resultados oficiales de las elecciones a 20 d\u00edas de las PASO, donde las cifras marcan<strong> una\u00a0diferencia m\u00e1s ajustada entre las tres primeras fuerzas pol\u00edticas\u00a0<\/strong>que las que hab\u00eda arrojado el<strong> escrutinio provisorio.<\/strong><\/p>\n<p>Seg\u00fan lo informado, <strong>el recuento oficial confirm\u00f3 la elecci\u00f3n de tercios<\/strong> que se viene de cara a las presidenciales de octubre, y el espacio ultraliberal de Milei qued\u00f3 finalmente con el 29,8% de los votos, debajo del umbral del 30% que hab\u00eda superado en el escrutinio provisorio. Mientras que Juntos por el Cambio reuni\u00f3 28% y Uni\u00f3n por la Patria tuvo 27,2%.<\/p>\n<p>En la comparaci\u00f3n con los <strong>resultados provisorios<\/strong>, Milei baj\u00f3 de 30,04% a 29,86%, Bullrich descendi\u00f3 de 28,27% a 28% y Massa subi\u00f3 apenas una d\u00e9cima, pasando de 27,27% a 27,28% en el escrutinio final.<\/p>\n<p>En cuanto a la cantidad de votos,\u00a0<strong>La Libertad Avanza obtuvo 7.352.244 sufragios<\/strong>\u00a0con Milei como precandidato presidencial. Por su parte, Juntos por el Cambio<strong>\u00a0sum\u00f3 entre sus dos postulantes un total de 6.895.941 votos, con Patricia Bullrich como ganadora interna<\/strong>. Mientras que Uni\u00f3n por la Patria,\u00a0<strong>la coalici\u00f3n oficialista, alcanz\u00f3 los 6.719.042 votos con el ministro de Econom\u00eda Sergio Massa, como candidato presidencial.<\/strong><\/p>\n<p>Los resultados definitivos del escrutinio marcan una dura pulseada hacia las elecciones generales de octubre entre los tres principales espacios pol\u00edticos,\u00a0<strong>que quedaron separados por menos de dos puntos porcentuales tras estas PASO.<\/strong>\u00a0Habr\u00e1 que ver si en los pr\u00f3ximos comicios se mantienen estos n\u00fameros o si alguno logra imponerse con claridad<\/p>\n<p>Si se mantienen estos n\u00fameros y retiene a la totalidad de votantes de Juan Grabois,\u00a0<strong>Sergio Massa necesitar\u00eda descontarle casi 177 mil votos a Patricia Bullrich para ubicarse en el segundo lugar<\/strong>\u00a0y m\u00e1s de 633 mil votos a Javier Milei para tomar la delantera de cara al ballottage. <strong>(VW)<\/strong><\/p>\n<p>&nbsp;<\/p>\n","protected":false},"excerpt":{"rendered":"<p>Milei baj\u00f3 del umbral del 30 por ciento de los votos, y qued\u00f3 un margen de menos del 3 por ciento entre las tres principales fuerzas.<\/p>\n","protected":false},"author":4,"featured_media":11058,"comment_status":"closed","ping_status":"closed","sticky":false,"template":"","format":"standard","meta":{"_monsterinsights_skip_tracking":false,"_monsterinsights_sitenote_active":false,"_monsterinsights_sitenote_note":"","_monsterinsights_sitenote_category":0,"footnotes":""},"categories":[4],"tags":[4844,204],"class_list":["post-11636","post","type-post","status-publish","format-standard","has-post-thumbnail","hentry","category-politica","tag-escrutinio-definitivo","tag-paso"],"_links":{"self":[{"href":"https:\/\/www.visionweb.com.ar\/index.php?rest_route=\/wp\/v2\/posts\/11636","targetHints":{"allow":["GET"]}}],"collection":[{"href":"https:\/\/www.visionweb.com.ar\/index.php?rest_route=\/wp\/v2\/posts"}],"about":[{"href":"https:\/\/www.visionweb.com.ar\/index.php?rest_route=\/wp\/v2\/types\/post"}],"author":[{"embeddable":true,"href":"https:\/\/www.visionweb.com.ar\/index.php?rest_route=\/wp\/v2\/users\/4"}],"replies":[{"embeddable":true,"href":"https:\/\/www.visionweb.com.ar\/index.php?rest_route=%2Fwp%2Fv2%2Fcomments&post=11636"}],"version-history":[{"count":1,"href":"https:\/\/www.visionweb.com.ar\/index.php?rest_route=\/wp\/v2\/posts\/11636\/revisions"}],"predecessor-version":[{"id":11637,"href":"https:\/\/www.visionweb.com.ar\/index.php?rest_route=\/wp\/v2\/posts\/11636\/revisions\/11637"}],"wp:featuredmedia":[{"embeddable":true,"href":"https:\/\/www.visionweb.com.ar\/index.php?rest_route=\/wp\/v2\/media\/11058"}],"wp:attachment":[{"href":"https:\/\/www.visionweb.com.ar\/index.php?rest_route=%2Fwp%2Fv2%2Fmedia&parent=11636"}],"wp:term":[{"taxonomy":"category","embeddable":true,"href":"https:\/\/www.visionweb.com.ar\/index.php?rest_route=%2Fwp%2Fv2%2Fcategories&post=11636"},{"taxonomy":"post_tag","embeddable":true,"href":"https:\/\/www.visionweb.com.ar\/index.php?rest_route=%2Fwp%2Fv2%2Ftags&post=11636"}],"curies":[{"name":"wp","href":"https:\/\/api.w.org\/{rel}","templated":true}]}}