{"id":11625,"date":"2023-08-31T09:09:45","date_gmt":"2023-08-31T12:09:45","guid":{"rendered":"https:\/\/www.visionweb.com.ar\/?p=11625"},"modified":"2023-08-31T09:09:45","modified_gmt":"2023-08-31T12:09:45","slug":"chascomus-elegira-su-ave-emblema-y-convoca-a-participar","status":"publish","type":"post","link":"https:\/\/www.visionweb.com.ar\/?p=11625","title":{"rendered":"Chascom\u00fas elegir\u00e1 su ave emblema, y convoca a participar"},"content":{"rendered":"<p><em><strong>\u201cHasta el 22 de septiembre, la comunidad de Chascom\u00fas tiene la oportunidad de participar en la elecci\u00f3n del Ave Emblema de la zona\u201d, indicaron desde el municipio.<\/strong><\/em><!--more--><\/p>\n<div id=\"attachment_11626\" style=\"width: 310px\" class=\"wp-caption alignright\"><img loading=\"lazy\" decoding=\"async\" aria-describedby=\"caption-attachment-11626\" class=\"wp-image-11626 size-medium\" src=\"https:\/\/www.visionweb.com.ar\/wp-content\/uploads\/2023\/08\/a-ave-300x187.png\" alt=\"\" width=\"300\" height=\"187\" srcset=\"https:\/\/www.visionweb.com.ar\/wp-content\/uploads\/2023\/08\/a-ave-300x187.png 300w, https:\/\/www.visionweb.com.ar\/wp-content\/uploads\/2023\/08\/a-ave.png 389w\" sizes=\"auto, (max-width: 300px) 100vw, 300px\" \/><p id=\"caption-attachment-11626\" class=\"wp-caption-text\">El resultado de la votaci\u00f3n se dar\u00e1 a conocer el 5 de octubre. Foto: Municipio de Chascom\u00fas<\/p><\/div>\n<p><strong>E<\/strong>l municipio de Chascom\u00fas abri\u00f3 una convocatoria para que vecinos y vecinas elijan el\u00a0<strong>ave\u00a0<\/strong>emblema de la zona, con el objetivo de \u00a0\u201c<strong>generar conciencia, respeto y conocimiento por nuestro ambiente\u00bb.<\/strong><\/p>\n<p>Se trata de una iniciativa organizada por el\u00a0<strong>Club de Observadores de Aves (COA Las Encadenadas<\/strong>), junto con la Subsecretar\u00eda de Ambiente y Desarrollo Sostenible de la Comuna.<\/p>\n<p>Seg\u00fan informaron a trav\u00e9s de su cuenta oficial de Facebook, el objetivo es<strong>\u00a0\u00abvisibilizar la importancia de las aves en el entorno que nos rodea como s\u00edmbolo para generar conciencia, respeto y conocimiento por nuestro ambiente\u00bb\u00a0<\/strong>y pretende promover el conocimiento de las aves \u00abcomo indicadores de un ambiente sano\u00bb.<\/p>\n<p>Si bien en la Provincia hay m\u00e1s de 400 especies, desde la entidad\u00a0<strong>seleccionaron a las 10 especies m\u00e1s representativas de la zona<\/strong>\u00a0de\u00a0<strong>Chascom\u00fas<\/strong>.<\/p>\n<div id=\"attachment_11627\" style=\"width: 310px\" class=\"wp-caption alignleft\"><img loading=\"lazy\" decoding=\"async\" aria-describedby=\"caption-attachment-11627\" class=\"wp-image-11627 size-medium\" src=\"https:\/\/www.visionweb.com.ar\/wp-content\/uploads\/2023\/08\/a-lechucita-300x225.png\" alt=\"\" width=\"300\" height=\"225\" srcset=\"https:\/\/www.visionweb.com.ar\/wp-content\/uploads\/2023\/08\/a-lechucita-300x225.png 300w, https:\/\/www.visionweb.com.ar\/wp-content\/uploads\/2023\/08\/a-lechucita-320x240.png 320w, https:\/\/www.visionweb.com.ar\/wp-content\/uploads\/2023\/08\/a-lechucita.png 459w\" sizes=\"auto, (max-width: 300px) 100vw, 300px\" \/><p id=\"caption-attachment-11627\" class=\"wp-caption-text\">Lechucita vizcachera. Imagen de internet<\/p><\/div>\n<p>Las elegidas son: <strong>Bigu\u00e1, Chaj\u00e1, Chifl\u00f3n, Chingolo, Esp\u00e1tula Rosada, Flamenco Austral, Lechucita Vizcachera, Pato Barcino, Tero Com\u00fan y Tordo M\u00fasico<\/strong>.<\/p>\n<p>Cada una de ellas tiene caracter\u00edsticas \u00fanicas y contribuye a la diversidad y equilibrio del ecosistema local bonaerense.<\/p>\n<p>Para conocer cada una de estas aves <a href=\"https:\/\/www.facebook.com\/permalink.php?story_fbid=pfbid0iTh394WJhywiVVeJe16EDbTNQVkyuSrTCLCwEzSx95gfYvu6vj5jHJDqs7w1FqQyl&amp;id=100074152557927\">ingresar a este link<\/a>.<\/p>\n<p>Para participar de la votaci\u00f3n hay tiempo hasta el 22 de septiembre, de manera presencial en las urnas ubicadas en el Palacio Municipal, la oficina de Informes Tur\u00edsticos, en la Casa de Casco y en el Centro Cultural Municipal Vieja Estaci\u00f3n de Chascom\u00fas.<\/p>\n<p>Sino de manera virtual, previo completar un formulario, \u00a0<a href=\"https:\/\/docs.google.com\/forms\/d\/e\/1FAIpQLSeUGOQpbCMH-pUOTfwY85C6jDrJzGdUTvIu344hn-naF2uXdQ\/viewform\">ingresando a este link<\/a><\/p>\n<p>Desde el municipio comunicaron que\u00a0<strong>el resultado de la votaci\u00f3n se dar\u00e1 a conocer el 5 de octubre<\/strong>, fecha en la que se celebra el D\u00eda Nacional del Ave en Argentina.<\/p>\n<p>Por consultas, se puede escribir a <a href=\"mailto:coa.chascomus@avesargentinas.org.ar\">coa.chascomus@avesargentinas.org.ar<\/a>\u00a0\u00a0 \u00a0o <a href=\"mailto:educacionambientalchascomus@gmail.com\">educacionambientalchascomus@gmail.com<\/a>. <strong>(VW)<\/strong><\/p>\n","protected":false},"excerpt":{"rendered":"<p>\u201cHasta el 22 de septiembre, la comunidad de Chascom\u00fas tiene la oportunidad de participar en la elecci\u00f3n del Ave Emblema de la zona\u201d, indicaron desde el municipio.<\/p>\n","protected":false},"author":4,"featured_media":11627,"comment_status":"closed","ping_status":"closed","sticky":false,"template":"","format":"standard","meta":{"_monsterinsights_skip_tracking":false,"_monsterinsights_sitenote_active":false,"_monsterinsights_sitenote_note":"","_monsterinsights_sitenote_category":0,"footnotes":""},"categories":[8],"tags":[376,876,4842],"class_list":["post-11625","post","type-post","status-publish","format-standard","has-post-thumbnail","hentry","category-interes-general","tag-chascomus","tag-convocatoria","tag-eleccion-del-ave-emblema"],"_links":{"self":[{"href":"https:\/\/www.visionweb.com.ar\/index.php?rest_route=\/wp\/v2\/posts\/11625","targetHints":{"allow":["GET"]}}],"collection":[{"href":"https:\/\/www.visionweb.com.ar\/index.php?rest_route=\/wp\/v2\/posts"}],"about":[{"href":"https:\/\/www.visionweb.com.ar\/index.php?rest_route=\/wp\/v2\/types\/post"}],"author":[{"embeddable":true,"href":"https:\/\/www.visionweb.com.ar\/index.php?rest_route=\/wp\/v2\/users\/4"}],"replies":[{"embeddable":true,"href":"https:\/\/www.visionweb.com.ar\/index.php?rest_route=%2Fwp%2Fv2%2Fcomments&post=11625"}],"version-history":[{"count":1,"href":"https:\/\/www.visionweb.com.ar\/index.php?rest_route=\/wp\/v2\/posts\/11625\/revisions"}],"predecessor-version":[{"id":11628,"href":"https:\/\/www.visionweb.com.ar\/index.php?rest_route=\/wp\/v2\/posts\/11625\/revisions\/11628"}],"wp:featuredmedia":[{"embeddable":true,"href":"https:\/\/www.visionweb.com.ar\/index.php?rest_route=\/wp\/v2\/media\/11627"}],"wp:attachment":[{"href":"https:\/\/www.visionweb.com.ar\/index.php?rest_route=%2Fwp%2Fv2%2Fmedia&parent=11625"}],"wp:term":[{"taxonomy":"category","embeddable":true,"href":"https:\/\/www.visionweb.com.ar\/index.php?rest_route=%2Fwp%2Fv2%2Fcategories&post=11625"},{"taxonomy":"post_tag","embeddable":true,"href":"https:\/\/www.visionweb.com.ar\/index.php?rest_route=%2Fwp%2Fv2%2Ftags&post=11625"}],"curies":[{"name":"wp","href":"https:\/\/api.w.org\/{rel}","templated":true}]}}