{"id":11623,"date":"2023-08-31T08:41:38","date_gmt":"2023-08-31T11:41:38","guid":{"rendered":"https:\/\/www.visionweb.com.ar\/?p=11623"},"modified":"2023-08-31T09:57:33","modified_gmt":"2023-08-31T12:57:33","slug":"no-habra-aumento-en-los-boletos-de-trenes-y-colectivos-de-la-zona-amba","status":"publish","type":"post","link":"https:\/\/www.visionweb.com.ar\/?p=11623","title":{"rendered":"No habr\u00e1 aumento en los boletos de trenes y colectivos de la zona AMBA"},"content":{"rendered":"<section class=\"detail-note_news-article\" data-td-script-src=\"https:\/\/infocielo.com\/js-custom\/vendor\/jquery\/dist\/jquery.min-min-version-1598405132.js,https:\/\/infocielo.com\/js-custom\/299\/functions\/checkTwitterQuoteHighlight-min-version-1630609151.js,https:\/\/infocielo.com\/js-custom\/299\/functions\/embedsVideosOnBody-min-version-1630609151.js\">\n<div class=\"detail-note_body\" data-twitter-link=\"https:\/\/twitter.com\/intent\/tweet?url=https%3A%2F%2Finfocielo.com%2Fc770521&amp;related=infocielo&amp;text=Congelan+el+precio+del+transporte+p%C3%BAblico+nacional&amp;via=infocielo\">\n<p><em><strong>La Resoluci\u00f3n sugiere a las jurisdicciones seguir un criterio similar para evitar un mayor impacto en el bolsillo de los usuarios. Las tarifas deb\u00edan aumentar el 1 de sepriembre.<\/strong><\/em><\/p>\n<\/div>\n<\/section>\n<p><!--more--><\/p>\n<p><img loading=\"lazy\" decoding=\"async\" class=\"size-medium wp-image-9791 alignleft\" src=\"https:\/\/www.visionweb.com.ar\/wp-content\/uploads\/2023\/03\/colectivos-sube-300x274.jpg\" alt=\"\" width=\"300\" height=\"274\" srcset=\"https:\/\/www.visionweb.com.ar\/wp-content\/uploads\/2023\/03\/colectivos-sube-300x274.jpg 300w, https:\/\/www.visionweb.com.ar\/wp-content\/uploads\/2023\/03\/colectivos-sube.bmp 473w\" sizes=\"auto, (max-width: 300px) 100vw, 300px\" \/>Luego de varias reuniones an\u00e1lisis y rumores, en el \u00e1mbito del ministerio de Transporte,\u00a0 el Gobierno Nacional dispuso congelar el precio de las tarifas del <strong>transporte p\u00fablico<\/strong>.seg\u00fan la inflaci\u00f3n del mes pasado, pero las autoridades decidieron frenarlo como pas\u00f3 en otros rubros. \u00bfQu\u00e9 pasar\u00e1 con los servicios provinciales?<\/p>\n<section class=\"detail-note_news-article\" data-td-script-src=\"https:\/\/infocielo.com\/js-custom\/vendor\/jquery\/dist\/jquery.min-min-version-1598405132.js,https:\/\/infocielo.com\/js-custom\/299\/functions\/checkTwitterQuoteHighlight-min-version-1630609151.js,https:\/\/infocielo.com\/js-custom\/299\/functions\/embedsVideosOnBody-min-version-1630609151.js\">\n<div class=\"detail-note_body\" data-twitter-link=\"https:\/\/twitter.com\/intent\/tweet?url=https%3A%2F%2Finfocielo.com%2Fc770521&amp;related=infocielo&amp;text=Congelan+el+precio+del+transporte+p%C3%BAblico+nacional&amp;via=infocielo\">\n<p>La <a href=\"https:\/\/www.boletinoficial.gob.ar\/detalleAviso\/primera\/293214\/20230831\" target=\"_blank\" rel=\"follow noopener\">Resoluci\u00f3n 501\/23<\/a>\u00a0firmada por\u00a0<strong>Diego Giuliano<\/strong>\u00a0establece \u00abla\u00a0<span id=\"saysCMSEmphasisb7x707nb6nu\" class=\"saysCMSEmphasis\">continuidad de la vigencia de los cuadros tarifarios y tarifas establecidos para los servicios de transporte p\u00fablico automotor y ferroviario de jurisdicci\u00f3n nacional que estuvieran vigentes al 1\u00ba de agosto de 2023<\/span>\u00ab.<\/p>\n<p>Asimismo, la Resoluci\u00f3n\u00a0 dispuso la creaci\u00f3n de mesas de trabajo con las c\u00e1maras empresarias representativas del transporte automotor de pasajeros urbano y suburbano de jurisdicci\u00f3n nacional y con los operadores de los servicios ferroviarios, para realizar un seguimiento de los costos de operaci\u00f3n.<\/p>\n<p>El congelamiento de las tarifas lleg\u00f3 para suspender el mecanismo de actualizaci\u00f3n que se hab\u00eda establecido el 29 de diciembre de 2022. Desde entonces, los servicios nacionales de transporte p\u00fablico variaban seg\u00fan c\u00f3mo evolucionaba la inflaci\u00f3n.<\/p>\n<p><strong>Para septiembre se preve\u00eda una suba del 6,2 por ciento en el precio m\u00ednimo de los pasajes<\/strong> ya que ese hab\u00eda sido el \u00cdndice de Precios al Consumidor del Gran Buenos Aires informado por el INDEC. (<strong>VW)<\/strong><\/p>\n<p>&nbsp;<\/p>\n<\/div>\n<\/section>\n<p>&nbsp;<\/p>\n<p>&nbsp;<\/p>\n","protected":false},"excerpt":{"rendered":"<p>La Resoluci\u00f3n sugiere a las jurisdicciones seguir un criterio similar para evitar un mayor impacto en el bolsillo de los usuarios. Las tarifas deb\u00edan aumentar el 1 de sepriembre.<\/p>\n","protected":false},"author":3,"featured_media":9791,"comment_status":"closed","ping_status":"closed","sticky":false,"template":"","format":"standard","meta":{"_monsterinsights_skip_tracking":false,"_monsterinsights_sitenote_active":false,"_monsterinsights_sitenote_note":"","_monsterinsights_sitenote_category":0,"footnotes":""},"categories":[8],"tags":[141,4776,4840,4841],"class_list":["post-11623","post","type-post","status-publish","format-standard","has-post-thumbnail","hentry","category-interes-general","tag-aumentos","tag-congelamiento","tag-traifas","tag-transportes"],"_links":{"self":[{"href":"https:\/\/www.visionweb.com.ar\/index.php?rest_route=\/wp\/v2\/posts\/11623","targetHints":{"allow":["GET"]}}],"collection":[{"href":"https:\/\/www.visionweb.com.ar\/index.php?rest_route=\/wp\/v2\/posts"}],"about":[{"href":"https:\/\/www.visionweb.com.ar\/index.php?rest_route=\/wp\/v2\/types\/post"}],"author":[{"embeddable":true,"href":"https:\/\/www.visionweb.com.ar\/index.php?rest_route=\/wp\/v2\/users\/3"}],"replies":[{"embeddable":true,"href":"https:\/\/www.visionweb.com.ar\/index.php?rest_route=%2Fwp%2Fv2%2Fcomments&post=11623"}],"version-history":[{"count":3,"href":"https:\/\/www.visionweb.com.ar\/index.php?rest_route=\/wp\/v2\/posts\/11623\/revisions"}],"predecessor-version":[{"id":11630,"href":"https:\/\/www.visionweb.com.ar\/index.php?rest_route=\/wp\/v2\/posts\/11623\/revisions\/11630"}],"wp:featuredmedia":[{"embeddable":true,"href":"https:\/\/www.visionweb.com.ar\/index.php?rest_route=\/wp\/v2\/media\/9791"}],"wp:attachment":[{"href":"https:\/\/www.visionweb.com.ar\/index.php?rest_route=%2Fwp%2Fv2%2Fmedia&parent=11623"}],"wp:term":[{"taxonomy":"category","embeddable":true,"href":"https:\/\/www.visionweb.com.ar\/index.php?rest_route=%2Fwp%2Fv2%2Fcategories&post=11623"},{"taxonomy":"post_tag","embeddable":true,"href":"https:\/\/www.visionweb.com.ar\/index.php?rest_route=%2Fwp%2Fv2%2Ftags&post=11623"}],"curies":[{"name":"wp","href":"https:\/\/api.w.org\/{rel}","templated":true}]}}