{"id":11604,"date":"2023-08-29T12:09:09","date_gmt":"2023-08-29T15:09:09","guid":{"rendered":"https:\/\/www.visionweb.com.ar\/?p=11604"},"modified":"2023-08-29T18:00:31","modified_gmt":"2023-08-29T21:00:31","slug":"industriales-de-almirate-brown-se-reunieron-con-el-intendente-cascallares","status":"publish","type":"post","link":"https:\/\/www.visionweb.com.ar\/?p=11604","title":{"rendered":"Industriales de Almirate Brown se reunieron con el intendente Cascallares"},"content":{"rendered":"<p><strong><em>El encuentro apunto a consolidar y avanzar sobre el acuerdo que se firm\u00f3 el 7 de agosto \u00faltimo, en el marco de la Mesa de Acuerdo y Di\u00e1logo para la Paz Social.<\/em><\/strong>\u00a0 <!--more--><\/p>\n<p><strong><img loading=\"lazy\" decoding=\"async\" class=\"size-medium wp-image-11608 alignright\" src=\"https:\/\/www.visionweb.com.ar\/wp-content\/uploads\/2023\/08\/ACUERDO-UIAB-300x137.png\" alt=\"\" width=\"300\" height=\"137\" srcset=\"https:\/\/www.visionweb.com.ar\/wp-content\/uploads\/2023\/08\/ACUERDO-UIAB-300x137.png 300w, https:\/\/www.visionweb.com.ar\/wp-content\/uploads\/2023\/08\/ACUERDO-UIAB.png 640w\" sizes=\"auto, (max-width: 300px) 100vw, 300px\" \/>U<\/strong>na delegaci\u00f3n de representantes de la Uni\u00f3n Industrial de Almirante Brown (UIAB), se reunieron con el intendente Mariano Cascallares y dirigentes gremiales, para avanzar en la generaci\u00f3n de acuerdos que permitan potenciar el desarrollo y el trabajo<\/p>\n<p>La\u00a0 Mesa de Acuerdo y Di\u00e1logo para la Paz Social 2023, se llev\u00f3 adelante en la empresa Genrod, ubicada en Luis Mar\u00eda Drago N\u00b01365, y tuvo como eje fomentar el trabajo articulado entre el Estado, la Iglesia, las empresas y los sindicatos.<\/p>\n<p>En esa l\u00ednea, Cascallares destac\u00f3 el \u201cgran compromiso y el trabajo articulado del Estado, la Iglesia, las empresas privadas y los gremios para trabajar coordinadamente en fomentar el desarrollo productivo, los puestos de trabajo y contribuir a la mejora social\u201d.<\/p>\n<p>Por su parte, uno de los secretarios generales de la CGT Regional de Lomas de Zamora, Sergio Oyhambur\u00fa, sostuvo, tras la reuni\u00f3n que \u201cen nombre de la CGT Lomas de Zamora con la Uni\u00f3n Industrial de Almirante Brown firmamos el Acuerdo y Di\u00e1logo para La Paz Social\u201d.<\/p>\n<p>\u201cSin grietas trabajaremos juntos por empleo decente y por una Argentina con desarrollo producci\u00f3n y trabajo. Gracias Mariano Cascallares por el compromiso de Almirante Brown\u201d.<\/p>\n<p>Por parte de las empresas, estuvieron Hugo Abad, de Miguel Abad; Pedro Mart\u00edn, de Junas; Julio Barbieri, de Barbieri y directivos de la empresa Industrias Guidi, mientras que del Municipio de Almirante Brown participaron el presidente del Concejo Deliberante, Nicol\u00e1s Jawtuschenko, y el secretario de Producci\u00f3n, Empleo y Formaci\u00f3n Profesional, Federico Sassone.<\/p>\n<p>A la jornada se sumaron tambi\u00e9n los delegados regionales del Ministerio de Trabajo bonaerense de Lomas de Zamora, Guido Vaccaro, y de Almirante Brown, Jorge Meletti.<\/p>\n<p>Por parte de la iglesia asistieron el Padre Gustavo Oubi\u00f1as del Obispado de Lomas de Zamora, y el Presidente de la Pastoral Social, Sebasti\u00e1n Zalimben.<\/p>\n<p>Los gremios estuvieron representados por el secretario de la UOM de Avellaneda, Daniel Daporta; el presidente de la Comisi\u00f3n Mixta del Sector Industrial Planificado de Almirante Brown, Hern\u00e1n Pereyra; y el presidente de la Uni\u00f3n Industrial de Almirante Brown, Miguel Rodr\u00edguez, entre otras autoridades<strong>(VW)<\/strong>.<\/p>\n","protected":false},"excerpt":{"rendered":"<p>El encuentro apunto a consolidar y avanzar sobre el acuerdo que se firm\u00f3 el 7 de agosto \u00faltimo, en el marco de la Mesa de Acuerdo y Di\u00e1logo para la Paz Social.\u00a0<\/p>\n","protected":false},"author":3,"featured_media":11608,"comment_status":"closed","ping_status":"closed","sticky":false,"template":"","format":"standard","meta":{"_monsterinsights_skip_tracking":false,"_monsterinsights_sitenote_active":false,"_monsterinsights_sitenote_note":"","_monsterinsights_sitenote_category":0,"footnotes":""},"categories":[749],"tags":[380,254,14,4838],"class_list":["post-11604","post","type-post","status-publish","format-standard","has-post-thumbnail","hentry","category-pymes","tag-acuerdo","tag-convenio","tag-municipio","tag-uib"],"_links":{"self":[{"href":"https:\/\/www.visionweb.com.ar\/index.php?rest_route=\/wp\/v2\/posts\/11604","targetHints":{"allow":["GET"]}}],"collection":[{"href":"https:\/\/www.visionweb.com.ar\/index.php?rest_route=\/wp\/v2\/posts"}],"about":[{"href":"https:\/\/www.visionweb.com.ar\/index.php?rest_route=\/wp\/v2\/types\/post"}],"author":[{"embeddable":true,"href":"https:\/\/www.visionweb.com.ar\/index.php?rest_route=\/wp\/v2\/users\/3"}],"replies":[{"embeddable":true,"href":"https:\/\/www.visionweb.com.ar\/index.php?rest_route=%2Fwp%2Fv2%2Fcomments&post=11604"}],"version-history":[{"count":4,"href":"https:\/\/www.visionweb.com.ar\/index.php?rest_route=\/wp\/v2\/posts\/11604\/revisions"}],"predecessor-version":[{"id":11615,"href":"https:\/\/www.visionweb.com.ar\/index.php?rest_route=\/wp\/v2\/posts\/11604\/revisions\/11615"}],"wp:featuredmedia":[{"embeddable":true,"href":"https:\/\/www.visionweb.com.ar\/index.php?rest_route=\/wp\/v2\/media\/11608"}],"wp:attachment":[{"href":"https:\/\/www.visionweb.com.ar\/index.php?rest_route=%2Fwp%2Fv2%2Fmedia&parent=11604"}],"wp:term":[{"taxonomy":"category","embeddable":true,"href":"https:\/\/www.visionweb.com.ar\/index.php?rest_route=%2Fwp%2Fv2%2Fcategories&post=11604"},{"taxonomy":"post_tag","embeddable":true,"href":"https:\/\/www.visionweb.com.ar\/index.php?rest_route=%2Fwp%2Fv2%2Ftags&post=11604"}],"curies":[{"name":"wp","href":"https:\/\/api.w.org\/{rel}","templated":true}]}}