{"id":11590,"date":"2023-08-28T10:47:14","date_gmt":"2023-08-28T13:47:14","guid":{"rendered":"https:\/\/www.visionweb.com.ar\/?p=11590"},"modified":"2023-08-28T10:47:14","modified_gmt":"2023-08-28T13:47:14","slug":"dia-nacional-de-la-ancianidad-los-derechos-de-los-adultos-mayores","status":"publish","type":"post","link":"https:\/\/www.visionweb.com.ar\/?p=11590","title":{"rendered":"D\u00eda Nacional de la Ancianidad: Los derechos de los adultos mayores"},"content":{"rendered":"<p><em><strong>Se cumplen en la actualidad todos los \u00edtems marcados en las normativas que se instituyeron hace\u00a075 a\u00f1os, cuando se proclamaron una serie de derechos que ten\u00edan como prioridad la asistencia, el cuidado, y tambi\u00e9n el esparcimiento de los mayores?<\/strong><\/em><!--more--><\/p>\n<p><strong><img loading=\"lazy\" decoding=\"async\" class=\"size-medium wp-image-11591 alignright\" src=\"https:\/\/www.visionweb.com.ar\/wp-content\/uploads\/2023\/08\/a-ancianos-300x203.png\" alt=\"\" width=\"300\" height=\"203\" srcset=\"https:\/\/www.visionweb.com.ar\/wp-content\/uploads\/2023\/08\/a-ancianos-300x203.png 300w, https:\/\/www.visionweb.com.ar\/wp-content\/uploads\/2023\/08\/a-ancianos.png 304w\" sizes=\"auto, (max-width: 300px) 100vw, 300px\" \/>\u00a0\u00a0 C<\/strong>ada 28 de agosto se celebra el<strong> D\u00eda Nacional de la Ancianidad, una jornada para tomar conciencia sobre los derechos de las personas de la tercera edad<\/strong>, y fue en 1948, cuando se proclamaron estas garant\u00edas que formar\u00edan parte de la Constituci\u00f3n de 1949, evento que motiv\u00f3 a que se tome esta fecha como celebraci\u00f3n.<\/p>\n<p>Esta visi\u00f3n signific\u00f3 una serie de avances sociales, entre los que destacaba el derecho a la asistencia, que tiene como objetivo la protecci\u00f3n integral del anciano por cuenta de su familia y, en caso de desamparo, por el Estado.<\/p>\n<p>Otro de los derechos destacados que se celebran con el D\u00eda de la Ancianidad son los relacionados con el de la <strong>vivienda, la alimentaci\u00f3n, el vestido y el cuidado de la salud f\u00edsica y mental<\/strong>.<\/p>\n<p><strong>Los derechos de las personas mayores<\/strong><\/p>\n<p>De acuerdo a la Convenci\u00f3n Interamericana sobre Protecci\u00f3n de los Derechos Humanos de las Personas Mayores, sus derechos son los siguientes:<\/p>\n<ul>\n<li>La promoci\u00f3n y defensa de los derechos humanos y libertades fundamentales de la persona mayor.<\/li>\n<li>La valorizaci\u00f3n de la persona mayor, su papel en la sociedad y contribuci\u00f3n al desarrollo.<\/li>\n<li>La dignidad, independencia, protagonismo y autonom\u00eda de la persona mayor.<\/li>\n<li>La igualdad y no discriminaci\u00f3n.<\/li>\n<li>La participaci\u00f3n, integraci\u00f3n e inclusi\u00f3n en la sociedad.<\/li>\n<li>El bienestar y cuidado.<\/li>\n<li>La seguridad f\u00edsica, econ\u00f3mica y social.<\/li>\n<li>La autorrealizaci\u00f3n.<\/li>\n<li>La equidad e igualdad de g\u00e9nero.<\/li>\n<li>La solidaridad y fortalecimiento de la protecci\u00f3n familiar y comunitaria.<\/li>\n<li>El buen trato y la atenci\u00f3n preferencial.<\/li>\n<li>El respeto y valorizaci\u00f3n de la diversidad cultural.<\/li>\n<li>La protecci\u00f3n judicial efectiva.<\/li>\n<li>La responsabilidad del Estado y participaci\u00f3n de la familia y de la comunidad en la integraci\u00f3n de la persona mayor, as\u00ed como en su cuidado y atenci\u00f3n, de acuerdo con su legislaci\u00f3n interna.<\/li>\n<\/ul>\n<p>Adem\u00e1s, otros aspectos fundamentales son: el derecho de esparcimiento de los ancianos, como gozar de un m\u00ednimo de entrenamiento, al trabajo, la expansi\u00f3n y el <strong>respeto<\/strong>. <strong>(VW)<\/strong><\/p>\n","protected":false},"excerpt":{"rendered":"<p>Se cumplen en la actualidad todos los \u00edtems marcados en las normativas que se instituyeron hace\u00a075 a\u00f1os, cuando se proclamaron una serie de derechos que ten\u00edan como prioridad la asistencia, el cuidado, y tambi\u00e9n&#46;&#46;&#46;<\/p>\n","protected":false},"author":4,"featured_media":11591,"comment_status":"closed","ping_status":"closed","sticky":false,"template":"","format":"standard","meta":{"_monsterinsights_skip_tracking":false,"_monsterinsights_sitenote_active":false,"_monsterinsights_sitenote_note":"","_monsterinsights_sitenote_category":0,"footnotes":""},"categories":[8,5],"tags":[4828,4829,4827],"class_list":["post-11590","post","type-post","status-publish","format-standard","has-post-thumbnail","hentry","category-interes-general","category-sociedad","tag-28-de-agosto","tag-derechos-de-los-mayores","tag-dia-nacional-de-la-ancianidad"],"_links":{"self":[{"href":"https:\/\/www.visionweb.com.ar\/index.php?rest_route=\/wp\/v2\/posts\/11590","targetHints":{"allow":["GET"]}}],"collection":[{"href":"https:\/\/www.visionweb.com.ar\/index.php?rest_route=\/wp\/v2\/posts"}],"about":[{"href":"https:\/\/www.visionweb.com.ar\/index.php?rest_route=\/wp\/v2\/types\/post"}],"author":[{"embeddable":true,"href":"https:\/\/www.visionweb.com.ar\/index.php?rest_route=\/wp\/v2\/users\/4"}],"replies":[{"embeddable":true,"href":"https:\/\/www.visionweb.com.ar\/index.php?rest_route=%2Fwp%2Fv2%2Fcomments&post=11590"}],"version-history":[{"count":1,"href":"https:\/\/www.visionweb.com.ar\/index.php?rest_route=\/wp\/v2\/posts\/11590\/revisions"}],"predecessor-version":[{"id":11592,"href":"https:\/\/www.visionweb.com.ar\/index.php?rest_route=\/wp\/v2\/posts\/11590\/revisions\/11592"}],"wp:featuredmedia":[{"embeddable":true,"href":"https:\/\/www.visionweb.com.ar\/index.php?rest_route=\/wp\/v2\/media\/11591"}],"wp:attachment":[{"href":"https:\/\/www.visionweb.com.ar\/index.php?rest_route=%2Fwp%2Fv2%2Fmedia&parent=11590"}],"wp:term":[{"taxonomy":"category","embeddable":true,"href":"https:\/\/www.visionweb.com.ar\/index.php?rest_route=%2Fwp%2Fv2%2Fcategories&post=11590"},{"taxonomy":"post_tag","embeddable":true,"href":"https:\/\/www.visionweb.com.ar\/index.php?rest_route=%2Fwp%2Fv2%2Ftags&post=11590"}],"curies":[{"name":"wp","href":"https:\/\/api.w.org\/{rel}","templated":true}]}}