{"id":11586,"date":"2023-08-28T09:34:33","date_gmt":"2023-08-28T12:34:33","guid":{"rendered":"https:\/\/www.visionweb.com.ar\/?p=11586"},"modified":"2023-08-28T09:34:33","modified_gmt":"2023-08-28T12:34:33","slug":"los-anuncios-de-massa-con-letra-de-campana","status":"publish","type":"post","link":"https:\/\/www.visionweb.com.ar\/?p=11586","title":{"rendered":"Los anuncios de Massa, con letra de campa\u00f1a"},"content":{"rendered":"<p><em><strong>Ayer fue un s\u00faper domingo de anuncios: Aumentos, bonos y etc\u00e9teras para disimular la inflaci\u00f3n. Habr\u00e1 asistencia para pymes, trabajadores, jubilados y monotributistas entre otros sectores. Durante esta semana, cada Ministerio dar\u00e1 m\u00e1s detalles sobre la implementaci\u00f3n.<\/strong><\/em><!--more--><\/p>\n<p><strong><img loading=\"lazy\" decoding=\"async\" class=\"size-medium wp-image-11587 alignright\" src=\"https:\/\/www.visionweb.com.ar\/wp-content\/uploads\/2023\/08\/a-plata-1-300x141.png\" alt=\"\" width=\"300\" height=\"141\" srcset=\"https:\/\/www.visionweb.com.ar\/wp-content\/uploads\/2023\/08\/a-plata-1-300x141.png 300w, https:\/\/www.visionweb.com.ar\/wp-content\/uploads\/2023\/08\/a-plata-1.png 452w\" sizes=\"auto, (max-width: 300px) 100vw, 300px\" \/>\u00a0E<\/strong>l ministro de Econom\u00eda, Sergio Massa, anunci\u00f3 ayer una serie de<strong>\u00a0nuevas medidas <\/strong>tendientes a \u00abcuidar a las familias argentinas\u00bb, en el marco de las acciones que seg\u00fan hab\u00eda anticipado, servir\u00e1n para contrarrestar los efectos de la devaluaci\u00f3n del 14 de agosto, luego de las PASO.<\/p>\n<p>\u00abEl objetivo central es que cada uno de los sectores de la econom\u00eda tenga de alguna manera el apoyo del Estado\u00bb, dijo Massa en los videos publicados <strong>en las redes sociales personales<\/strong>, con marcado tono de campa\u00f1a.<\/p>\n<p>Las medidas forman parte del Programa de Fortalecimiento de la Actividad Econ\u00f3mica y del Ingreso para las familias argentinas, donde\u00a0<strong>\u201ccada uno de los organismos p\u00fablicos y ministerios a lo largo de esta semana contar\u00e1 en detalle\u201d.\u00a0<\/strong><\/p>\n<p>El ministro candidato hizo estos anuncios en domingo para garantizar la centralidad en la agenda informativa del lunes. Una forma de mantener centralidad pol\u00edtica en los anuncios.<\/p>\n<p><strong>Una por una las medidas:<\/strong><\/p>\n<p><strong>Suma fija:<\/strong><\/p>\n<p>Massa anunci\u00f3 esta tarde el pago de una s<strong>uma fija de 60 mil pesos, en dos cuotas de 30 mil en septiembre y octubre,<\/strong>\u00a0para los trabajadores privados y los estatales de la Naci\u00f3n que ganan hasta 400 mil pesos.<\/p>\n<p>La suma se tomar\u00e1 a cuenta de lo que se acuerde en la futura paritaria y en el caso de las\u00a0<strong>micropymes, el Estado devolver\u00e1 el 100% de la suma fija\u00a0<\/strong>en las constribuciones patronales, y en el de las pymes, el 50%.<\/p>\n<p>En el sector privado, Massa dijo que ser\u00e1 5,5 millones de trabajadores los beneficiados, mientras que en los\u00a0<strong>empleados p\u00fablicos, los que cobran hasta 400 mil recibir\u00e1n lo mismo<\/strong>.<\/p>\n<p>Massa\u00a0<strong>invit\u00f3 a las provincias y municipios<\/strong>, a aplicar tambi\u00e9n la medida para mejorar los ingresos.<\/p>\n<p><strong>Jubilados y pensionados<\/strong>:<\/p>\n<p>Recibir\u00e1n un<strong>\u00a0refuerzo de $37.000 en septiembre, octubre y noviembre,<\/strong>\u00a0lo que elevar\u00e1 a $124.000 el monto total que percibir\u00e1n a partir del pr\u00f3ximo mes.<\/p>\n<p>A trav\u00e9s de mensajes en redes sociales, Massa dijo que en este caso, est\u00e1n destinadas \u201ca los jubilados y pensionados as\u00ed tambi\u00e9n como a los beneficiarios de otras pensiones, que son<strong>\u00a0casi 7 millones de personas<\/strong>\u201c, a los que afirm\u00f3 que <strong>decidieron<\/strong>\u00a0<strong>\u201cmodificar el refuerzo que les \u00edbamos a dar\u201d<\/strong>.<\/p>\n<p>Adem\u00e1s, destac\u00f3 que en el caso de las compras que realicen con tarjeta,\u00a0<strong>\u201cles vamos a devolver en la tarjeta misma hasta $18.000 de reintegro del I.V.A por las compras que realizan\u201d.<\/strong><\/p>\n<p>Tambi\u00e9n, record\u00f3 que \u201ctienen un programa de cr\u00e9dito a su disposici\u00f3n por m\u00e1s de $400.000 millones que les permite\u00a0<strong>acceder a cr\u00e9ditos de hasta $400.000 a un cuarto de la tasa<\/strong>\u00a0que pagan en el banco a 24, 36 y 48 meses\u201d.<\/p>\n<p><strong>Monotributistas: <\/strong>Ver nota aparte:<strong> (https:\/\/www.visionweb.com.ar\/?p=11584)<\/strong><\/p>\n<p>Habr\u00e1 un acceso a<strong>\u00a0cr\u00e9dito por hasta 4 millones de pesos,\u00a0<\/strong>dependiendo de la categor\u00eda, a pagar en 24 cuotas a la mitad de la tasa bancaria con garant\u00eda 100% del Estado\u201d.<\/p>\n<p>Massa tambi\u00e9n destac\u00f3 que \u201cse pondr\u00e1 en marcha el\u00a0<strong>monotributo productivo para la incorporaci\u00f3n a la econom\u00eda formal de los trabajadores independiente<\/strong>s que est\u00e1n en la econom\u00eda informal\u201d.<\/p>\n<p><strong>Tarjeta Alimentar<\/strong>:<\/p>\n<p>Habr\u00e1 un incremento adicional del 30% seg\u00fan el siguiente detalle:<\/p>\n<ul>\n<li>Para las familias con un hijo: $10.000.<\/li>\n<li>Para las familias con dos hijos: $17.000.<\/li>\n<li>Para las familias con tres hijos: $23.000.<\/li>\n<\/ul>\n<p><strong>Cr\u00e9ditos para trabajadores:<\/strong><\/p>\n<p>El candidato presidencial anunci\u00f3 una<strong>\u00a0l\u00ednea de cr\u00e9ditos para trabajadores de hasta 48 meses de plazo, con tres meses de gracia<\/strong>\u00a0y con una tasa de inter\u00e9s por la mitad de la que se cobra en el mercado financiero.<\/p>\n<p>Explic\u00f3 que se va a poder acceder a<strong>\u00a0l\u00edneas de cr\u00e9dito de hasta $400.000<\/strong>\u00a0en 24, 36 o 48 cuotas y los fondos se depositar\u00e1n en la tarjeta de cr\u00e9dito bancaria dentro de los 5 d\u00edas h\u00e1biles\u201d.<\/p>\n<p>El ministro detall\u00f3 que \u201cel programa tiene fondos disponibles por 400.000 millones de pesos y la\u00a0<strong>tasa de inter\u00e9s es la mitad de la que se paga actualmente<\/strong>\u00a0sobre el saldo de las tarjetas de cr\u00e9dito\u201d.<\/p>\n<p>Massa indic\u00f3 que el pr\u00e9stamo \u201cse va a poder hacer con un\u00a0<strong>tr\u00e1mite simple electr\u00f3nico y con la posibilidad de que lo debiten<\/strong> del sueldo\u201d.<\/p>\n<p>El ministro dijo que \u201cen las pr\u00f3ximas horas,\u00a0<strong>la directora ejecutiva de la Administraci\u00f3n Nacional de la Seguridad Social (Fernanda Raverta) dar\u00e1 m\u00e1s detalle<\/strong>s del sistema\u201d.<\/p>\n<p><strong>Potenciar Trabajo:<\/strong><\/p>\n<p>Los beneficiarios\u00a0<strong>recibir\u00e1n un refuerzo de $20.000 que se pagar\u00e1 en dos cuotas de $10.000<\/strong>\u00a0en septiembre y octubre, en conjunto con los haberes que tendr\u00e1n su actualizaci\u00f3n tras absorber la actualizaci\u00f3n del salario m\u00ednimo.<\/p>\n<p><strong>Acuerdos de precios:<\/strong><\/p>\n<p>Habr\u00e1 un \u201csendero d<strong>el 5% con m\u00e1s de 400 empresas que representan 50.000 productos de higiene y alimentos de primera necesidad<\/strong>\u00a0de la canasta de los argentinos\u201d, dijo Massa.<\/p>\n<p>\u201cPara este programa ponemos un\u00a0<strong>beneficio del 6% del total de impuestos que pagan las empresas en descuento del IVA y del impuesto a las Ganancias<\/strong>\u00a0de cada una de esas empresas\u201d,<\/p>\n<p><strong>\u201cEl esfuerzo lo hacemos en conjunto, las empresas y el Estado argentino\u201d<\/strong>, indic\u00f3.<\/p>\n<p>Subray\u00f3 que a partir de ahora habr\u00e1\u00a0<strong>\u201ccero aumentos de combustibles hasta el 1\u00b0 de noviembre, y cero aumentos de medicamentos\u201d.<\/strong><\/p>\n<p><strong>Prepagas: <\/strong><\/p>\n<p>Se suspender\u00e1 el aumento de la medicina prepaga durante los pr\u00f3ximos 90 d\u00edas\u00a0para las <strong>familias con ingresos que no superen los 2 millones de pesos mensuales<\/strong>.<\/p>\n<p>De esta forma,\u00a0los trabajadores o familias comprendidos en la medida no deber\u00e1n abonar el incremento previsto para el mes de septiembre de 7,18% respecto al valor del Plan de Servicio Vigente al 31 de agosto de 2023, en base a lo informado por las empresas de medicina prepaga.<\/p>\n<p><strong>Medidas para el Agro:<\/strong><\/p>\n<p>Se anunci\u00f3 la<strong>\u00a0reducci\u00f3n a cero de los derechos a la exportaci\u00f3n para una serie de productos de las econom\u00edas regionales\u00a0<\/strong>y ayuda para productores en situaci\u00f3n de emergencia y para industriales que procesan soja.<\/p>\n<p>Indic\u00f3 que habr\u00e1\u00a0<strong>\u201cretenci\u00f3n 0% para econom\u00edas regionales con valor agregado industrial<\/strong>\u00a0como el vino, el mosto, el arroz, el tabaco, la producci\u00f3n forestal, y la c\u00e1scara de citrus, entre otras\u201d.<\/p>\n<p>\u201cTodos los productos que tienen un proceso de industrializaci\u00f3n para las exportaciones, van a tener retenciones cero a los efectos de\u00a0<strong>aumentar nuestras exportaciones con valor agregado<\/strong>\u201c, enfatiz\u00f3 el ministro.<\/p>\n<p>Massa destac\u00f3 adem\u00e1s que habr\u00e1 \u201cun nuevo\u00a0<strong>programa de siembra para trigo y ma\u00edz con entrega de hasta cinco toneladas de fertilizantes para productores en emergencia<\/strong>\u00a0agropecuaria a partir de un convenio con la compa\u00f1\u00eda YPF Agro\u201d.<\/p>\n<p>El responsable de la cartera econ\u00f3mica se\u00f1al\u00f3: \u201cVamos a continuar con el\u00a0<strong>programa Puente al Empleo, para el sector agropecuario, que transforma los planes sociales en empleo registrado\u00a0<\/strong>para quienes tomen trabajo en el sector rural, manteni\u00e9ndose durante un a\u00f1o los planes\u201d.<\/p>\n<p>Tambi\u00e9n habr\u00e1 un nuevo \u201cPrograma de Incremento Exportador y dijo que para los productos como la harina, el aceite y el pellet de soja vamos a dar la\u00a0<strong>posibilidad de disponer del 25% de las divisas para comprar transitoriamente poroto de soja para procesar,\u00a0<\/strong>manteniendo los puestos de trabajo de las plantas industriales y generando valor agregado en nuestro complejo industrial sojero\u201d.<\/p>\n<p><strong>Fortalecer las exportaciones:<\/strong><\/p>\n<p>Habr\u00e1 un nuevo programa de 770 millones de d\u00f3lares para\u00a0<strong>prefinanciaci\u00f3n de exportaciones<\/strong>:<\/p>\n<ul>\n<li>550 millones de d\u00f3lares del Banco Naci\u00f3n de la Argentina<\/li>\n<li>220 millones del Banco Bice<\/li>\n<\/ul>\n<p>\u201cEl objetivo es que las empresas que venden trabajo argentino al mundo tengan todas las herramientas para seguir\u00a0<strong>aumentando el volumen de exportaci\u00f3n y acumular\u00a0<\/strong>reservas\u201d, se\u00f1al\u00f3 el ministro. <strong>(VW)<\/strong><\/p>\n","protected":false},"excerpt":{"rendered":"<p>Ayer fue un s\u00faper domingo de anuncios: Aumentos, bonos y etc\u00e9teras para disimular la inflaci\u00f3n. Habr\u00e1 asistencia para pymes, trabajadores, jubilados y monotributistas entre otros sectores. Durante esta semana, cada Ministerio dar\u00e1 m\u00e1s detalles&#46;&#46;&#46;<\/p>\n","protected":false},"author":4,"featured_media":11587,"comment_status":"closed","ping_status":"closed","sticky":false,"template":"","format":"standard","meta":{"_monsterinsights_skip_tracking":false,"_monsterinsights_sitenote_active":false,"_monsterinsights_sitenote_note":"","_monsterinsights_sitenote_category":0,"footnotes":""},"categories":[6,4],"tags":[4825,4826],"class_list":["post-11586","post","type-post","status-publish","format-standard","has-post-thumbnail","hentry","category-economia","category-politica","tag-anuncios-massa","tag-candidato-a-presidente"],"_links":{"self":[{"href":"https:\/\/www.visionweb.com.ar\/index.php?rest_route=\/wp\/v2\/posts\/11586","targetHints":{"allow":["GET"]}}],"collection":[{"href":"https:\/\/www.visionweb.com.ar\/index.php?rest_route=\/wp\/v2\/posts"}],"about":[{"href":"https:\/\/www.visionweb.com.ar\/index.php?rest_route=\/wp\/v2\/types\/post"}],"author":[{"embeddable":true,"href":"https:\/\/www.visionweb.com.ar\/index.php?rest_route=\/wp\/v2\/users\/4"}],"replies":[{"embeddable":true,"href":"https:\/\/www.visionweb.com.ar\/index.php?rest_route=%2Fwp%2Fv2%2Fcomments&post=11586"}],"version-history":[{"count":1,"href":"https:\/\/www.visionweb.com.ar\/index.php?rest_route=\/wp\/v2\/posts\/11586\/revisions"}],"predecessor-version":[{"id":11588,"href":"https:\/\/www.visionweb.com.ar\/index.php?rest_route=\/wp\/v2\/posts\/11586\/revisions\/11588"}],"wp:featuredmedia":[{"embeddable":true,"href":"https:\/\/www.visionweb.com.ar\/index.php?rest_route=\/wp\/v2\/media\/11587"}],"wp:attachment":[{"href":"https:\/\/www.visionweb.com.ar\/index.php?rest_route=%2Fwp%2Fv2%2Fmedia&parent=11586"}],"wp:term":[{"taxonomy":"category","embeddable":true,"href":"https:\/\/www.visionweb.com.ar\/index.php?rest_route=%2Fwp%2Fv2%2Fcategories&post=11586"},{"taxonomy":"post_tag","embeddable":true,"href":"https:\/\/www.visionweb.com.ar\/index.php?rest_route=%2Fwp%2Fv2%2Ftags&post=11586"}],"curies":[{"name":"wp","href":"https:\/\/api.w.org\/{rel}","templated":true}]}}