{"id":11572,"date":"2023-08-25T09:03:05","date_gmt":"2023-08-25T12:03:05","guid":{"rendered":"https:\/\/www.visionweb.com.ar\/?p=11572"},"modified":"2023-08-25T09:03:05","modified_gmt":"2023-08-25T12:03:05","slug":"municipio-y-nacion-asesoran-en-la-busqueda-de-empleo","status":"publish","type":"post","link":"https:\/\/www.visionweb.com.ar\/?p=11572","title":{"rendered":"Municipio y Naci\u00f3n asesoran en la b\u00fasqueda de empleo"},"content":{"rendered":"<p><em><strong>Es en las estaciones ferroviarias del municipio de Almirante Brown. LAS acciones se realizaron entre el martes y el jueves en diferentes estaciones ferroviarias del Distrito.<\/strong><\/em><!--more--><\/p>\n<p style=\"font-weight: 400;\"><strong><img loading=\"lazy\" decoding=\"async\" class=\"size-medium wp-image-11573 alignright\" src=\"https:\/\/www.visionweb.com.ar\/wp-content\/uploads\/2023\/08\/BUSQEUDA-LABORAL-300x158.png\" alt=\"\" width=\"300\" height=\"158\" srcset=\"https:\/\/www.visionweb.com.ar\/wp-content\/uploads\/2023\/08\/BUSQEUDA-LABORAL-300x158.png 300w, https:\/\/www.visionweb.com.ar\/wp-content\/uploads\/2023\/08\/BUSQEUDA-LABORAL.png 640w\" sizes=\"auto, (max-width: 300px) 100vw, 300px\" \/>E<\/strong>l Municipio de Almirante Brown, en articulaci\u00f3n con el Ministerio de Trabajo de la Naci\u00f3n, llev\u00f3 adelante en la estaci\u00f3n ferroviaria de Burzaco la primera jornada del programa \u201cFomentar Empleo\u201d, una iniciativa que brinda capacitaci\u00f3n y orientaci\u00f3n para las personas que se encuentren en b\u00fasqueda activa de trabajo.<\/p>\n<p style=\"font-weight: 400;\">El operativo itinerante estuvo presente este martes, de 11 a 14 horas con un stand en el que se difundieron los lineamientos de la iniciativa, en la que mediante un proceso de inscripci\u00f3n a la p\u00e1gina <a href=\"https:\/\/na01.safelinks.protection.outlook.com\/?url=http%3A%2F%2Fwww.portalempleo.gob.ar%2F&amp;data=05%7C01%7C%7C4539e97f34ba4678837108dba334e652%7C84df9e7fe9f640afb435aaaaaaaaaaaa%7C1%7C0%7C638283219946812675%7CUnknown%7CTWFpbGZsb3d8eyJWIjoiMC4wLjAwMDAiLCJQIjoiV2luMzIiLCJBTiI6Ik1haWwiLCJXVCI6Mn0%3D%7C3000%7C%7C%7C&amp;sdata=Kq59bmHT7EuxKokrEGbxbD0NROBfe7s658W32nK0INc%3D&amp;reserved=0\">www.portalempleo.gob.ar<\/a>, en la que los vecinos y vecinas pueden acceder a capacitaciones y herramientas de formaci\u00f3n.<\/p>\n<p style=\"font-weight: 400;\">Con una gran convocatoria, esta semana la propuesta se concret\u00f3 el mi\u00e9rcoles de 11 a 14 horas a la estaci\u00f3n ferroviaria de Rafael Calzada y el jueves 24 de agosto, en ese mismo horario, se realiz\u00f3 en la Estaci\u00f3n de Trenes de Glew.<\/p>\n<p style=\"font-weight: 400;\">El programa Fomentar Empleo brinda la posibilidad de acceder a prestaciones de orientaci\u00f3n laboral, formaci\u00f3n profesional, pr\u00e1cticas en ambientes de trabajo y programa de inserci\u00f3n laboral asistida de la Secretar\u00eda de Empleo de la Naci\u00f3n.<\/p>\n<p style=\"font-weight: 400;\">El objetivo de esta pol\u00edtica es\u00a0acompa\u00f1ar y asesorar a quienes poseen dificultades de acceso a empleos formales,\u00a0a trav\u00e9s de acciones que mejoren sus competencias laborales y faciliten su inserci\u00f3n en empleos de calidad.<\/p>\n<p style=\"font-weight: 400;\">La iniciativa est\u00e1 destinada a todas las\u00a0personas entre 18 y 64 a\u00f1os (inclusive) que se encuentren desocupadas, es decir, que no cuenten con ingresos registrados en los \u00faltimos 3 meses al momento de postularse al Programa.<\/p>\n<p style=\"font-weight: 400;\">Entre las capacitaciones se brindan talleres de orientaci\u00f3n laboral y herramientas para el armado de un CV. Tambi\u00e9n se brinda asesoramiento para aprovechar al m\u00e1ximo las entrevistas de trabajo, y orientaci\u00f3n sobre d\u00f3nde y de qu\u00e9 manera buscar empleo, qu\u00e9 p\u00e1ginas web son id\u00f3neas y c\u00f3mo definir el perfil de acuerdo a los intereses individuales.<\/p>\n<p style=\"font-weight: 400;\">\u00abGracias al trabajo articulado con Naci\u00f3n, seguimos sumando herramientas y capacitaciones para que nuestros vecinos y vecinas puedan desarrollarse en el mundo del trabajo\u00bb, remarc\u00f3 Mariano Cascallares.<\/p>\n<p style=\"font-weight: 400;\">Adem\u00e1s, seg\u00fan se inform\u00f3 oficialmente desde la cartera nacional, las empleadoras o empleadores que realicen una b\u00fasqueda laboral por medio del Portal Empleo podr\u00e1n acceder a incentivos por la contrataci\u00f3n de los registrados y una reducci\u00f3n del 100% de las contribuciones patronales<strong>(VW)<\/strong>.<\/p>\n<p style=\"font-weight: 400;\">\n<p>&nbsp;<\/p>\n","protected":false},"excerpt":{"rendered":"<p>Es en las estaciones ferroviarias del municipio de Almirante Brown. LAS acciones se realizaron entre el martes y el jueves en diferentes estaciones ferroviarias del Distrito.<\/p>\n","protected":false},"author":3,"featured_media":11573,"comment_status":"closed","ping_status":"closed","sticky":false,"template":"","format":"standard","meta":{"_monsterinsights_skip_tracking":false,"_monsterinsights_sitenote_active":false,"_monsterinsights_sitenote_note":"","_monsterinsights_sitenote_category":0,"footnotes":""},"categories":[8,5],"tags":[4815,2000,4814],"class_list":["post-11572","post","type-post","status-publish","format-standard","has-post-thumbnail","hentry","category-interes-general","category-sociedad","tag-busqueda","tag-empleo","tag-estaciones-ferroviarias"],"_links":{"self":[{"href":"https:\/\/www.visionweb.com.ar\/index.php?rest_route=\/wp\/v2\/posts\/11572","targetHints":{"allow":["GET"]}}],"collection":[{"href":"https:\/\/www.visionweb.com.ar\/index.php?rest_route=\/wp\/v2\/posts"}],"about":[{"href":"https:\/\/www.visionweb.com.ar\/index.php?rest_route=\/wp\/v2\/types\/post"}],"author":[{"embeddable":true,"href":"https:\/\/www.visionweb.com.ar\/index.php?rest_route=\/wp\/v2\/users\/3"}],"replies":[{"embeddable":true,"href":"https:\/\/www.visionweb.com.ar\/index.php?rest_route=%2Fwp%2Fv2%2Fcomments&post=11572"}],"version-history":[{"count":1,"href":"https:\/\/www.visionweb.com.ar\/index.php?rest_route=\/wp\/v2\/posts\/11572\/revisions"}],"predecessor-version":[{"id":11574,"href":"https:\/\/www.visionweb.com.ar\/index.php?rest_route=\/wp\/v2\/posts\/11572\/revisions\/11574"}],"wp:featuredmedia":[{"embeddable":true,"href":"https:\/\/www.visionweb.com.ar\/index.php?rest_route=\/wp\/v2\/media\/11573"}],"wp:attachment":[{"href":"https:\/\/www.visionweb.com.ar\/index.php?rest_route=%2Fwp%2Fv2%2Fmedia&parent=11572"}],"wp:term":[{"taxonomy":"category","embeddable":true,"href":"https:\/\/www.visionweb.com.ar\/index.php?rest_route=%2Fwp%2Fv2%2Fcategories&post=11572"},{"taxonomy":"post_tag","embeddable":true,"href":"https:\/\/www.visionweb.com.ar\/index.php?rest_route=%2Fwp%2Fv2%2Ftags&post=11572"}],"curies":[{"name":"wp","href":"https:\/\/api.w.org\/{rel}","templated":true}]}}