{"id":11569,"date":"2023-08-25T08:38:00","date_gmt":"2023-08-25T11:38:00","guid":{"rendered":"https:\/\/www.visionweb.com.ar\/?p=11569"},"modified":"2023-08-25T08:38:00","modified_gmt":"2023-08-25T11:38:00","slug":"la-provincia-y-la-cgt-firmaron-un-convenio-para-fortalecer-la-capacitacion-de-los-trabajadores","status":"publish","type":"post","link":"https:\/\/www.visionweb.com.ar\/?p=11569","title":{"rendered":"La Provincia y la CGT firmaron un convenio para fortalecer la capacitaci\u00f3n de los trabajadores"},"content":{"rendered":"<p><em><strong>La CGT pondr\u00e1 a disposici\u00f3n las instalaciones y el equipamiento para el funcionamiento de la estructura escolar.<\/strong><\/em><!--more--><\/p>\n<p><strong>L<\/strong>a Provincia de Buenos Aires y la Confederaci\u00f3n General del Trabajo (CGT) firmaron este jueves un convenio que tiene por objetivo fortalecer las pol\u00edticas de empleo y la\u00a0 formaci\u00f3n profesional\u00a0 de los trabajadores bonaerenses.<\/p>\n<p>El Convenio se firm\u00f3 durante una acto presidido por el gobernador Axel Kicillof, que se realiz\u00f3 en el Sal\u00f3n Dorado de la Casa de la casa de Gobierno, en La Plata.<\/p>\n<p>Se trata de un convenio tripartito de cooperaci\u00f3n entre la direcci\u00f3n General de Cultura y Educaci\u00f3n, el ministerio de Trabajo bonaerense y la CGT, con el objetivo de implementar estrategias articuladas para la formaci\u00f3n con participaci\u00f3n de las y los trabajadores en base a las nuevas formas de organizaci\u00f3n laboral.<\/p>\n<p>Asimismo, se busca impulsar el desarrollo de nuevas calificaciones profesionales, generando un v\u00ednculo\u00a0mayor con el sector socio-productivo, la ciencia, la innovaci\u00f3n y la tecnolog\u00eda.<\/p>\n<p>Del acto participaron, adem\u00e1s del Gobernador Kicillof el ministro de Trabajo, Walter Correa; el director general de Cultura y Educaci\u00f3n, Alberto Sileoni; el secretario de Formaci\u00f3n y Capacitaci\u00f3n Profesional de la CGT, Argentino Geneiro; y el secretario ejecutivo del Instituto Provincial de Formaci\u00f3n Laboral (IPFL), Ezequiel Berrueco.<\/p>\n<p>\u00abCon este convenio reafirmamos nuestro compromiso para que la provincia de Buenos Aires siga siendo el principal motor productivo del pa\u00eds: avanzamos hacia una mejor distribuci\u00f3n de la riqueza, con m\u00e1s industria y desarrollo\u201d, se\u00f1al\u00f3 el Gobernador KIcillof.<\/p>\n<p>En ese sentido, el Mandatario resalt\u00f3 que \u201ces prioritario profundizar el v\u00ednculo con los sindicatos porque son un actor fundamental en la promoci\u00f3n de las pol\u00edticas de formaci\u00f3n laboral\u201d.<\/p>\n<p>\u201cEl trabajo que agrega valor a las materias primas, mediante el conocimiento y el uso de las nuevas tecnolog\u00edas, es la principal herramienta para mejorar la calidad de vida de todos y todas\u201d, a\u00f1adi\u00f3.<\/p>\n<p>\u201cEste acuerdo contempla las necesidades de los \u00e1mbitos de trabajo y producci\u00f3n en cada uno de los distritos, con el objetivo de que, mediante una mayor formaci\u00f3n profesional, los y las trabajadoras est\u00e9n al servicio del desarrollo productivo de nuestra provincia\u201d, explic\u00f3 Correa.<\/p>\n<p>La CGT pondr\u00e1 a disposici\u00f3n las instalaciones y el equipamiento para el funcionamiento de la estructura escolar.<\/p>\n<p>Por su parte, el Ministerio de Trabajo propondr\u00e1 l\u00edneas de formaci\u00f3n relacionadas con la actividad econ\u00f3mico laboral provincial y coordinar\u00e1 con los actores del sector productivo, vinculando adem\u00e1s a estudiantes y egresados con las econom\u00edas locales y regionales.<\/p>\n<p>En tanto, la Direcci\u00f3n General de Cultura y Educaci\u00f3n se encargar\u00e1 de evaluar y aprobar los dise\u00f1os curriculares y certificaciones de la formaci\u00f3n y \u00a0las capacitaciones laborales.<\/p>\n<p>En este marco, contin\u00faa adem\u00e1s la primera etapa del programa de Fortalecimiento de la Formaci\u00f3n Laboral, que ya alcanz\u00f3 a 65 centros de formaci\u00f3n de diferentes entidades y proyecta llegar a otras 57. La inversi\u00f3n asciende en total a m\u00e1s de $83,3 millones<strong>(VW)<\/strong>.<\/p>\n<p>&nbsp;<\/p>\n","protected":false},"excerpt":{"rendered":"<p>La CGT pondr\u00e1 a disposici\u00f3n las instalaciones y el equipamiento para el funcionamiento de la estructura escolar.<\/p>\n","protected":false},"author":3,"featured_media":11570,"comment_status":"closed","ping_status":"closed","sticky":false,"template":"","format":"standard","meta":{"_monsterinsights_skip_tracking":false,"_monsterinsights_sitenote_active":false,"_monsterinsights_sitenote_note":"","_monsterinsights_sitenote_category":0,"footnotes":""},"categories":[8,749],"tags":[2032,254,3534,2820,1247],"class_list":["post-11569","post","type-post","status-publish","format-standard","has-post-thumbnail","hentry","category-interes-general","category-pymes","tag-cgt","tag-convenio","tag-formacion","tag-gobernacion","tag-trabajadores"],"_links":{"self":[{"href":"https:\/\/www.visionweb.com.ar\/index.php?rest_route=\/wp\/v2\/posts\/11569","targetHints":{"allow":["GET"]}}],"collection":[{"href":"https:\/\/www.visionweb.com.ar\/index.php?rest_route=\/wp\/v2\/posts"}],"about":[{"href":"https:\/\/www.visionweb.com.ar\/index.php?rest_route=\/wp\/v2\/types\/post"}],"author":[{"embeddable":true,"href":"https:\/\/www.visionweb.com.ar\/index.php?rest_route=\/wp\/v2\/users\/3"}],"replies":[{"embeddable":true,"href":"https:\/\/www.visionweb.com.ar\/index.php?rest_route=%2Fwp%2Fv2%2Fcomments&post=11569"}],"version-history":[{"count":1,"href":"https:\/\/www.visionweb.com.ar\/index.php?rest_route=\/wp\/v2\/posts\/11569\/revisions"}],"predecessor-version":[{"id":11571,"href":"https:\/\/www.visionweb.com.ar\/index.php?rest_route=\/wp\/v2\/posts\/11569\/revisions\/11571"}],"wp:featuredmedia":[{"embeddable":true,"href":"https:\/\/www.visionweb.com.ar\/index.php?rest_route=\/wp\/v2\/media\/11570"}],"wp:attachment":[{"href":"https:\/\/www.visionweb.com.ar\/index.php?rest_route=%2Fwp%2Fv2%2Fmedia&parent=11569"}],"wp:term":[{"taxonomy":"category","embeddable":true,"href":"https:\/\/www.visionweb.com.ar\/index.php?rest_route=%2Fwp%2Fv2%2Fcategories&post=11569"},{"taxonomy":"post_tag","embeddable":true,"href":"https:\/\/www.visionweb.com.ar\/index.php?rest_route=%2Fwp%2Fv2%2Ftags&post=11569"}],"curies":[{"name":"wp","href":"https:\/\/api.w.org\/{rel}","templated":true}]}}