{"id":11565,"date":"2023-08-25T08:14:12","date_gmt":"2023-08-25T11:14:12","guid":{"rendered":"https:\/\/www.visionweb.com.ar\/?p=11565"},"modified":"2023-08-25T00:20:22","modified_gmt":"2023-08-25T03:20:22","slug":"presentaron-proyecto-de-ley-para-proteger-a-las-familias-bonaerenses-sobreendeudadas","status":"publish","type":"post","link":"https:\/\/www.visionweb.com.ar\/?p=11565","title":{"rendered":"Presentaron proyecto de ley para proteger a las familias bonaerenses sobreendeudadas"},"content":{"rendered":"<p><strong><em>El deabate, organizado por el diputado Juan Miguel G\u00f3mez Parodi se llev\u00f3 a cabo en el auditorio de la C\u00e1mara legislativa la presentaci\u00f3n del proyecto de Ley de Protecci\u00f3n para las Familias Sobreendeudadas.<\/em><\/strong><!--more--><\/p>\n<p><strong><img loading=\"lazy\" decoding=\"async\" class=\"size-medium wp-image-11566 alignright\" src=\"https:\/\/www.visionweb.com.ar\/wp-content\/uploads\/2023\/08\/ENDEUDADOS-PANEL-300x200.png\" alt=\"\" width=\"300\" height=\"200\" srcset=\"https:\/\/www.visionweb.com.ar\/wp-content\/uploads\/2023\/08\/ENDEUDADOS-PANEL-300x200.png 300w, https:\/\/www.visionweb.com.ar\/wp-content\/uploads\/2023\/08\/ENDEUDADOS-PANEL.png 640w\" sizes=\"auto, (max-width: 300px) 100vw, 300px\" \/>C<\/strong>on el objeto de buscar una salida a la situaci\u00f3n de los los ciudadanos bonaerenses sobre endeudados por la crisis que atraviesa la Argentina, el diputado provincial\u00a0 Juan Miguel G\u00f3mez Parodi (Frente de Todos, Tres de Febero), present\u00f3 un proyecto de ley que busca establecer procedimientos administrativos de prevenci\u00f3n, saneamiento y reestructuraci\u00f3n de pasivos de familias sobreendeudadas.<\/p>\n<p>El beneficio alcanzar\u00e1, una vez sancionada a Ley), alcanzar\u00e1 a las familias que ante\u00a0 \u00abla imposibilidad de afrontar el pago de deudas contra\u00eddas en relaciones de consumo, cuando cumplirlas comprometer\u00eda el acceso a bienes esenciales afectando la econom\u00eda familiar, la salud psicof\u00edsica y el proyecto de vida en general.\u00bb<\/p>\n<p>En este sentido, G\u00f3mez Parodi destac\u00f3 la importancia de avanzar en la protecci\u00f3n y ampliaci\u00f3n de derechos de las familias bonaerenses, haciendo hincapi\u00e9 en el caso de aquellas que, por circunstancias imprevistas o que van m\u00e1s all\u00e1 de su voluntad en tanto consumidores, estuvieran atravesando una situaci\u00f3n de sobreendeudamiento.<\/p>\n<div id=\"attachment_11567\" style=\"width: 310px\" class=\"wp-caption alignleft\"><img loading=\"lazy\" decoding=\"async\" aria-describedby=\"caption-attachment-11567\" class=\"wp-image-11567 size-medium\" src=\"https:\/\/www.visionweb.com.ar\/wp-content\/uploads\/2023\/08\/DIPUTADO-GOMEZ-PARODI-300x200.png\" alt=\"\" width=\"300\" height=\"200\" srcset=\"https:\/\/www.visionweb.com.ar\/wp-content\/uploads\/2023\/08\/DIPUTADO-GOMEZ-PARODI-300x200.png 300w, https:\/\/www.visionweb.com.ar\/wp-content\/uploads\/2023\/08\/DIPUTADO-GOMEZ-PARODI.png 640w\" sizes=\"auto, (max-width: 300px) 100vw, 300px\" \/><p id=\"caption-attachment-11567\" class=\"wp-caption-text\"><em><strong>Diputado (FdT), Juan Miguel G\u00f3mez Parodi, autor de la iniciativa, que de prosperar beneficiar\u00e1 a numerosas familias (Prensa HCDPBA).<\/strong><\/em><\/p><\/div>\n<p>\u201c<strong>La propuesta es modificar la Ley de Defensa del Consumidor para incorporar la protecci\u00f3n a los consumidores frente al fen\u00f3meno del sobreendeudamiento. Creemos imprescindible que el Estado provincial oficie como \u00e1rbitro en estos casos, y brinde asesoramiento y contenci\u00f3n a un n\u00famero cada vez mayor de familias que, de otro modo, ingresan en una espiral de endeudamiento<\/strong> que condiciona la posibilidad de planificar su organizaci\u00f3n a futuro y,\u00a0 muchas veces compromete la posibilidad misma de acceder a los bienes b\u00e1sicos para garantizar su subsistencia\u201d.<\/p>\n<p>Por su parte, el director provincial de Defensa del Consumidor Luciano Blanco hizo un racconto de las pol\u00edticas que viene llevando adelante el Gobierno provincial en su materia, y subray\u00f3 la importancia del proyecto al se\u00f1alar que dentro de las decenas de miles de reclamos que se tramitan, el rubro que m\u00e1s incidencia tiene es el de servicios financieros.<\/p>\n<p>Adem\u00e1s, defini\u00f3\u00a0 a la ley provincial de Defensa del consumidor como la primera en incorporar modificaciones para proteger a los \u201cconsumidores hipervulnerables y en defender a los consumidores en el marco de la ley de Promoci\u00f3n de la alimentaci\u00f3n saludable, conocida popularmente como de etiquetado frontal.<\/p>\n<p>A su tiempo Samanta Lagrutta, ex directora de la OMIC (Oficina Municipal de defensa del Consumidor) de San Martin se\u00f1al\u00f3 que <strong>las consultas y denuncias relacionadas con situaciones de sobreendeudamiento \u201cfueron la vedette de los \u00faltimos a\u00f1os, porque a la situaci\u00f3n de deterioro del salario que se vive en nuestro pa\u00eds, se suma la oferta constante de acceso al cr\u00e9dito, que muchas veces son otorgados de manera irresponsable por parte de las entidades financieras.<\/strong><\/p>\n<p>\u00abEl resultado de esto es que muchas veces las familias se endeudan para comprar comida y otras muchas toman un cr\u00e9dito para cancelar otro que perciben como menos favorable\u201d, precis\u00f3 y agreg\u00f3 que los casos de estafas llevan muchos a\u00f1os para resolverse en el \u00e1mbito del poder judicial.<\/p>\n<p>En el mismo sentido, especific\u00f3 que el trato digno a los consumidores implica la correcta informaci\u00f3n acerca de las condiciones del cr\u00e9dito ofrecido y que el inter\u00e9s del acreedor por cobrar la deuda no puede justificar el hostigamiento al deudor.<\/p>\n<p>Para finalizar, el juez Cristian Luisi aclar\u00f3 enf\u00e1ticamente que \u00abeste proyecto no es para que los deudores no paguen, todo lo contrario. Es para proteger a las familias que quieren pagar pero que no lo pueden hacer en las condiciones pactadas inicialmente\u201d.<\/p>\n<p>En este sentido, destac\u00f3 como aspectos fundamentales del proyecto la suspensi\u00f3n de plazos judiciales mientras dure el reclamo administrativo, <strong>la exigencia de lealtad comercial por parte de los oferentes de cr\u00e9dito, y la educaci\u00f3n financiera para los consumidores de modo que conozcan lo m\u00e1s cabalmente posible las consecuencias de adquirir un cr\u00e9dito e incumplir con los pagos acordados<\/strong>.<\/p>\n<p>En este sentido el proyecto prev\u00e9 que aquellos ciudadanos que consideren que se encuentran sobreendeudados puedan presentarse en las oficinas municipales o provinciales de Defensa del Consumidor para iniciar los reclamos.<\/p>\n<p>En caso de acreditarse esa condici\u00f3n -que de ning\u00fan modo hace referencia al endeudamiento para, por ejemplo, bienes suntuosos-, el ente dar\u00eda inicio a un protocolo que busca la conciliaci\u00f3n y reestructuraci\u00f3n de la deuda. El acuerdo al que se llegue deber\u00e1 ser homologado por el Estado provincial y podr\u00e1 ser oponible judicialmente<strong>(VW)<\/strong>.<\/p>\n<p>&nbsp;<\/p>\n","protected":false},"excerpt":{"rendered":"<p>El deabate, organizado por el diputado Juan Miguel G\u00f3mez Parodi se llev\u00f3 a cabo en el auditorio de la C\u00e1mara legislativa la presentaci\u00f3n del proyecto de Ley de Protecci\u00f3n para las Familias Sobreendeudadas.<\/p>\n","protected":false},"author":3,"featured_media":11566,"comment_status":"closed","ping_status":"closed","sticky":false,"template":"","format":"standard","meta":{"_monsterinsights_skip_tracking":false,"_monsterinsights_sitenote_active":false,"_monsterinsights_sitenote_note":"","_monsterinsights_sitenote_category":0,"footnotes":""},"categories":[8,4],"tags":[143,4812,4813,1953],"class_list":["post-11565","post","type-post","status-publish","format-standard","has-post-thumbnail","hentry","category-interes-general","category-politica","tag-diputados","tag-endeudados","tag-financieras","tag-proyecto"],"_links":{"self":[{"href":"https:\/\/www.visionweb.com.ar\/index.php?rest_route=\/wp\/v2\/posts\/11565","targetHints":{"allow":["GET"]}}],"collection":[{"href":"https:\/\/www.visionweb.com.ar\/index.php?rest_route=\/wp\/v2\/posts"}],"about":[{"href":"https:\/\/www.visionweb.com.ar\/index.php?rest_route=\/wp\/v2\/types\/post"}],"author":[{"embeddable":true,"href":"https:\/\/www.visionweb.com.ar\/index.php?rest_route=\/wp\/v2\/users\/3"}],"replies":[{"embeddable":true,"href":"https:\/\/www.visionweb.com.ar\/index.php?rest_route=%2Fwp%2Fv2%2Fcomments&post=11565"}],"version-history":[{"count":1,"href":"https:\/\/www.visionweb.com.ar\/index.php?rest_route=\/wp\/v2\/posts\/11565\/revisions"}],"predecessor-version":[{"id":11568,"href":"https:\/\/www.visionweb.com.ar\/index.php?rest_route=\/wp\/v2\/posts\/11565\/revisions\/11568"}],"wp:featuredmedia":[{"embeddable":true,"href":"https:\/\/www.visionweb.com.ar\/index.php?rest_route=\/wp\/v2\/media\/11566"}],"wp:attachment":[{"href":"https:\/\/www.visionweb.com.ar\/index.php?rest_route=%2Fwp%2Fv2%2Fmedia&parent=11565"}],"wp:term":[{"taxonomy":"category","embeddable":true,"href":"https:\/\/www.visionweb.com.ar\/index.php?rest_route=%2Fwp%2Fv2%2Fcategories&post=11565"},{"taxonomy":"post_tag","embeddable":true,"href":"https:\/\/www.visionweb.com.ar\/index.php?rest_route=%2Fwp%2Fv2%2Ftags&post=11565"}],"curies":[{"name":"wp","href":"https:\/\/api.w.org\/{rel}","templated":true}]}}