{"id":11562,"date":"2023-08-24T19:27:23","date_gmt":"2023-08-24T22:27:23","guid":{"rendered":"https:\/\/www.visionweb.com.ar\/?p=11562"},"modified":"2023-08-24T19:27:23","modified_gmt":"2023-08-24T22:27:23","slug":"el-ministerio-de-seguridad-creo-el-comando-federal-anti-saqueos","status":"publish","type":"post","link":"https:\/\/www.visionweb.com.ar\/?p=11562","title":{"rendered":"El Ministerio de Seguridad cre\u00f3 el comando federal anti saqueos"},"content":{"rendered":"<p><em><strong>Es oficial. Se formaliz\u00f3 la creaci\u00f3n del comando unificado para prevenir saqueos en todo el territorio nacional, con invitaci\u00f3n a Caba y a las Provincias a participar.<\/strong><\/em><!--more--><\/p>\n<p><img loading=\"lazy\" decoding=\"async\" class=\"size-full wp-image-11563 alignright\" src=\"https:\/\/www.visionweb.com.ar\/wp-content\/uploads\/2023\/08\/anibbal.png\" alt=\"\" width=\"255\" height=\"193\" \/> \u00a0<strong>E<\/strong>l Ministerio de <strong>Seguridad de la Naci\u00f3n<\/strong> cre\u00f3 el Comando Unificado de las Fuerzas Policiales y de Seguridad Federales, \u00a0que ser\u00e1 una agrupaci\u00f3n de agentes encargada de prevenir\u00a0<strong>saqueos,<\/strong>\u00a0como los registrados en los \u00faltimos d\u00edas.<\/p>\n<p>Seg\u00fan\u00a0<a href=\"https:\/\/www.boletinoficial.gob.ar\/detalleAviso\/primera\/292740\/20230824\">la Resoluci\u00f3n 575\/23<\/a>\u00a0firmada por<strong>\u00a0An\u00edbal Fern\u00e1ndez<\/strong>, el comando quedar\u00e1 integrado por la Direcci\u00f3n Nacional de Inteligencia Criminal, la Secretar\u00eda de Seguridad y Pol\u00edtica Criminal y por las cuatro fuerzas policiales federales.<\/p>\n<p>A su vez, el organismo nacional invit\u00f3 a participar a los agentes de la Ciudad de Buenos Aires y de las provincias argentinas.<\/p>\n<p>En el art\u00edculo 4 de la norma se explicit\u00f3 particularmente la invitaci\u00f3n al ministro de Seguridad bonaerense,\u00a0<strong>Sergio Berni<\/strong>, a designar a un representante de sus fuerzas para que integre este nuevo cuerpo anti saqueos.<strong>\u00a0Hasta ahora,\u00a0 la provincia de Buenos Aires puso en marcha su propio despliegue para evitar saqueos<\/strong>. Sin embargo, Fern\u00e1ndez hab\u00eda dicho el mi\u00e9rcoles que crear\u00edan un comando para actuar \u00aben todo el conurbano\u00bb.<\/p>\n<p>En concreto, el comando creado este jueves\u00a0<strong>deber\u00e1 \u00abejecutar tareas destinadas a la prevenci\u00f3n de los delitos contra la propiedad y al aseguramiento de cualquier situaci\u00f3n que amenace los derechos y garant\u00edas constitucionales en todo el territorio nacional\u00bb<\/strong>.<\/p>\n<p>Este cuerpo se disolver\u00e1 una vez que la Secretar\u00eda de Seguridad y Pol\u00edtica Criminal, liderada por\u00a0Mercedes La Gioiosa, lo considere.<\/p>\n<p>Se trata de un nuevo intento de coordinar e integrar a las distintas fuerzas de seguridad tras la creaci\u00f3n del Comando Unificado Conurbano (CUC). Las autoridades nacionales de seguridad aclararon que ambos espacios seguir\u00e1n \u00absin superponerse en sus funciones\u00bb. <strong>(VW)<\/strong><\/p>\n","protected":false},"excerpt":{"rendered":"<p>Es oficial. Se formaliz\u00f3 la creaci\u00f3n del comando unificado para prevenir saqueos en todo el territorio nacional, con invitaci\u00f3n a Caba y a las Provincias a participar.<\/p>\n","protected":false},"author":4,"featured_media":11563,"comment_status":"closed","ping_status":"closed","sticky":false,"template":"","format":"standard","meta":{"_monsterinsights_skip_tracking":false,"_monsterinsights_sitenote_active":false,"_monsterinsights_sitenote_note":"","_monsterinsights_sitenote_category":0,"footnotes":""},"categories":[4],"tags":[4811,4809,4810],"class_list":["post-11562","post","type-post","status-publish","format-standard","has-post-thumbnail","hentry","category-politica","tag-anibal-fernandez","tag-comando-federal-anti-saqueos","tag-ministerio-de-seguridad"],"_links":{"self":[{"href":"https:\/\/www.visionweb.com.ar\/index.php?rest_route=\/wp\/v2\/posts\/11562","targetHints":{"allow":["GET"]}}],"collection":[{"href":"https:\/\/www.visionweb.com.ar\/index.php?rest_route=\/wp\/v2\/posts"}],"about":[{"href":"https:\/\/www.visionweb.com.ar\/index.php?rest_route=\/wp\/v2\/types\/post"}],"author":[{"embeddable":true,"href":"https:\/\/www.visionweb.com.ar\/index.php?rest_route=\/wp\/v2\/users\/4"}],"replies":[{"embeddable":true,"href":"https:\/\/www.visionweb.com.ar\/index.php?rest_route=%2Fwp%2Fv2%2Fcomments&post=11562"}],"version-history":[{"count":1,"href":"https:\/\/www.visionweb.com.ar\/index.php?rest_route=\/wp\/v2\/posts\/11562\/revisions"}],"predecessor-version":[{"id":11564,"href":"https:\/\/www.visionweb.com.ar\/index.php?rest_route=\/wp\/v2\/posts\/11562\/revisions\/11564"}],"wp:featuredmedia":[{"embeddable":true,"href":"https:\/\/www.visionweb.com.ar\/index.php?rest_route=\/wp\/v2\/media\/11563"}],"wp:attachment":[{"href":"https:\/\/www.visionweb.com.ar\/index.php?rest_route=%2Fwp%2Fv2%2Fmedia&parent=11562"}],"wp:term":[{"taxonomy":"category","embeddable":true,"href":"https:\/\/www.visionweb.com.ar\/index.php?rest_route=%2Fwp%2Fv2%2Fcategories&post=11562"},{"taxonomy":"post_tag","embeddable":true,"href":"https:\/\/www.visionweb.com.ar\/index.php?rest_route=%2Fwp%2Fv2%2Ftags&post=11562"}],"curies":[{"name":"wp","href":"https:\/\/api.w.org\/{rel}","templated":true}]}}