{"id":11559,"date":"2023-08-24T18:44:06","date_gmt":"2023-08-24T21:44:06","guid":{"rendered":"https:\/\/www.visionweb.com.ar\/?p=11559"},"modified":"2023-08-24T18:44:06","modified_gmt":"2023-08-24T21:44:06","slug":"hoy-es-el-dia-nacional-del-lector-en-homenaje-a-jorge-luis-borges","status":"publish","type":"post","link":"https:\/\/www.visionweb.com.ar\/?p=11559","title":{"rendered":"Hoy es el D\u00eda Nacional del Lector, en homenaje a Jorge Luis Borges"},"content":{"rendered":"<p><em><strong>Esta jornada exalta especialmente a uno de los escritores argentinos m\u00e1s influyentes, y a la vez a los amantes de la literatura.<\/strong><\/em><!--more--><\/p>\n<p><strong><img loading=\"lazy\" decoding=\"async\" class=\"size-medium wp-image-11560 aligncenter\" src=\"https:\/\/www.visionweb.com.ar\/wp-content\/uploads\/2023\/08\/a-borges-300x141.png\" alt=\"\" width=\"300\" height=\"141\" srcset=\"https:\/\/www.visionweb.com.ar\/wp-content\/uploads\/2023\/08\/a-borges-300x141.png 300w, https:\/\/www.visionweb.com.ar\/wp-content\/uploads\/2023\/08\/a-borges.png 473w\" sizes=\"auto, (max-width: 300px) 100vw, 300px\" \/>\u00a0 C<\/strong>ada 24 de agosto se celebra el D\u00eda Nacional del Lector en honor al natalicio del c\u00e9lebre escritor, poeta y ensayista <strong>Jorge Luis Borges<\/strong>, uno de los padres de la literatura argentina.<\/p>\n<p>Borges naci\u00f3 en Buenos Aires el 24 de agosto de 1899. Estudi\u00f3 en Ginebra e Inglaterra. Vivi\u00f3 en Espa\u00f1a desde 1919 hasta su regreso a Argentina en 1921. Colabor\u00f3 en revistas literarias, francesas y espa\u00f1olas, donde public\u00f3 ensayos y manifiestos.<\/p>\n<p><strong>Fue a\u00a0trav\u00e9s de la Ley Nacional 26.754, por la cual se resolvi\u00f3 que el 24 de agosto de cada a\u00f1o se celebre el D\u00eda del Lector, en conmemoraci\u00f3n al nacimiento del gran escritor.<\/strong><\/p>\n<p>Seg\u00fan indica el texto de la norma, esta fecha tiene como fin \u201c<strong>promover la lectura y la democracia a trav\u00e9s de la realizaci\u00f3n en dicha fecha de actos de divulgaci\u00f3n de las letras y de reconocimiento a la obra y trayectoria de la m\u00e1xima figura de la literatura nacional\u201d.<\/strong><\/p>\n<p><strong>Jorge Francisco Isidoro Luis Borges<\/strong>\u00a0fue hijo de Jorge Guillermo Borges y de Leonor Acevedo Su\u00e1rez. Su pasi\u00f3n por la lectura comenz\u00f3 durante su ni\u00f1ez, junto a su hermana menor Norah.<\/p>\n<p>En sus primeros a\u00f1os, Borges aprendi\u00f3 a leer en ingl\u00e9s antes que en espa\u00f1ol por influencia de su abuela paterna y su institutriz, ambas brit\u00e1nicas, quienes se encargaron de su educaci\u00f3n, hasta que a los 9 a\u00f1os ingres\u00f3 en la escuela primaria.<\/p>\n<p>Gracias a su extensa trayectoria, dej\u00f3 un gran legado por sus cuentos, ensayos y poemas. Tambi\u00e9n fue docente, traductor y bibliotecario. Entre sus obras destacadas se encuentran \u00abEl Aleph\u00bb y \u00abFicciones\u00bb, aunque todos sus trabajos han logrado una gran popularidad y no s\u00f3lo en Argentina.<\/p>\n<p>El autor pas\u00f3 sus \u00faltimos d\u00edas viajando por todo el mundo junto a su esposa, la escritora Mar\u00eda Kodama, quien falleci\u00f3 en marzo de este a\u00f1o. Finalmente, Borges falleci\u00f3 el 14 de junio de 1986, a los 86 a\u00f1os, en la ciudad de Ginebra, Suiza.<\/p>\n<p><strong>Actividades por la Semana del Lector<\/strong><\/p>\n<p>El Ministerio de Cultura de la Naci\u00f3n lleva a cabo diversas actividades en el marco de la<strong>\u00a0Semana de la Lectura,<\/strong>\u00a0que se podr\u00e1n disfrutar hasta el 26 de agosto en diversos museos, bibliotecas y espacios literarios.<\/p>\n<p>Las sedes de esta propuesta ser\u00e1n las siguientes: el Centro Cultural Borges, la Biblioteca Nacional, la Biblioteca Nacional de la calle M\u00e9xico, el Centro Cultural Kirchner, el Museo Terry, el Museo y Biblioteca Casa Natal de Sarmiento y otros espacios del Ministerio de Cultura de la Naci\u00f3n. <strong>(VW)<\/strong><\/p>\n","protected":false},"excerpt":{"rendered":"<p>Esta jornada exalta especialmente a uno de los escritores argentinos m\u00e1s influyentes, y a la vez a los amantes de la literatura.<\/p>\n","protected":false},"author":4,"featured_media":11560,"comment_status":"closed","ping_status":"closed","sticky":false,"template":"","format":"standard","meta":{"_monsterinsights_skip_tracking":false,"_monsterinsights_sitenote_active":false,"_monsterinsights_sitenote_note":"","_monsterinsights_sitenote_category":0,"footnotes":""},"categories":[8],"tags":[4807,4806,4808],"class_list":["post-11559","post","type-post","status-publish","format-standard","has-post-thumbnail","hentry","category-interes-general","tag-24-de-agosto","tag-dia-nacional-del-lector","tag-jorge-luis-borges"],"_links":{"self":[{"href":"https:\/\/www.visionweb.com.ar\/index.php?rest_route=\/wp\/v2\/posts\/11559","targetHints":{"allow":["GET"]}}],"collection":[{"href":"https:\/\/www.visionweb.com.ar\/index.php?rest_route=\/wp\/v2\/posts"}],"about":[{"href":"https:\/\/www.visionweb.com.ar\/index.php?rest_route=\/wp\/v2\/types\/post"}],"author":[{"embeddable":true,"href":"https:\/\/www.visionweb.com.ar\/index.php?rest_route=\/wp\/v2\/users\/4"}],"replies":[{"embeddable":true,"href":"https:\/\/www.visionweb.com.ar\/index.php?rest_route=%2Fwp%2Fv2%2Fcomments&post=11559"}],"version-history":[{"count":1,"href":"https:\/\/www.visionweb.com.ar\/index.php?rest_route=\/wp\/v2\/posts\/11559\/revisions"}],"predecessor-version":[{"id":11561,"href":"https:\/\/www.visionweb.com.ar\/index.php?rest_route=\/wp\/v2\/posts\/11559\/revisions\/11561"}],"wp:featuredmedia":[{"embeddable":true,"href":"https:\/\/www.visionweb.com.ar\/index.php?rest_route=\/wp\/v2\/media\/11560"}],"wp:attachment":[{"href":"https:\/\/www.visionweb.com.ar\/index.php?rest_route=%2Fwp%2Fv2%2Fmedia&parent=11559"}],"wp:term":[{"taxonomy":"category","embeddable":true,"href":"https:\/\/www.visionweb.com.ar\/index.php?rest_route=%2Fwp%2Fv2%2Fcategories&post=11559"},{"taxonomy":"post_tag","embeddable":true,"href":"https:\/\/www.visionweb.com.ar\/index.php?rest_route=%2Fwp%2Fv2%2Ftags&post=11559"}],"curies":[{"name":"wp","href":"https:\/\/api.w.org\/{rel}","templated":true}]}}