{"id":11549,"date":"2023-08-24T08:18:04","date_gmt":"2023-08-24T11:18:04","guid":{"rendered":"https:\/\/www.visionweb.com.ar\/?p=11549"},"modified":"2023-08-24T00:42:57","modified_gmt":"2023-08-24T03:42:57","slug":"las-camaras-supermercadistas-pidieron-mayor-presencia-del-estado-frente-al-ataque-a-los-comercios","status":"publish","type":"post","link":"https:\/\/www.visionweb.com.ar\/?p=11549","title":{"rendered":"Las c\u00e1maras supermercadistas pidieron mayor presencia del Estado frente al ataque a los comercios"},"content":{"rendered":"<p><em><strong>El supermercadismo argentino ya vivi\u00f3 tr\u00e1gicas experiencias en a\u00f1os pasados, con p\u00e9rdida de vidas y da\u00f1os materiales, que ahora deben ser evitados.\u00a0<\/strong><\/em><!--more--><\/p>\n<div id=\"attachment_11550\" style=\"width: 310px\" class=\"wp-caption alignright\"><img loading=\"lazy\" decoding=\"async\" aria-describedby=\"caption-attachment-11550\" class=\"wp-image-11550 size-medium\" src=\"https:\/\/www.visionweb.com.ar\/wp-content\/uploads\/2023\/08\/SAQUEOS-300x168.png\" alt=\"\" width=\"300\" height=\"168\" srcset=\"https:\/\/www.visionweb.com.ar\/wp-content\/uploads\/2023\/08\/SAQUEOS-300x168.png 300w, https:\/\/www.visionweb.com.ar\/wp-content\/uploads\/2023\/08\/SAQUEOS.png 640w\" sizes=\"auto, (max-width: 300px) 100vw, 300px\" \/><p id=\"caption-attachment-11550\" class=\"wp-caption-text\"><em><strong>Los puntos indican los sitios en los que se produjeron saqueos en los \u00faltimos d\u00edas (Fuente: CRIES\/Perfil)<\/strong><\/em><\/p><\/div>\n<p><strong>L<\/strong>as principales c\u00e1maras que re\u00fanen en su seno a las cadenas de supermercados y autoservicio reclamaron este mi\u00e9rcoles una mayor presencia policial y m\u00e1s seguridad para prevenir los ataques a los supermercados y autoservicios que se produjeron en los \u00faltimos d\u00edas\u00a0 en diferentes puntos del pa\u00eds.<\/p>\n<p>En ese sentido la C\u00e1mara Argentina de Supermercados (CAS) y la Federaci\u00f3n Argentina de Supermercados y Autoservicios (FASA) reclamaron en un comunicado \u00abun Estado presente\u00bb<\/p>\n<p>\u00abAnte los hechos de p\u00fablico conocimiento, que fueron perpetrados contra supermercados, autoservicios y otros comercios de distintas zonas del pa\u00eds, tales como robos, destrozos, robos agravados en<br \/>\nbanda, que podr\u00edan configurar casos de desestabilizaci\u00f3n institucional, las entidades que representan a los S\u00faper Argentinos manifiestan que es imperioso contar con un Estado presente, que prevenga estos delitos y castigue con todo el peso de la Ley a los delincuentes\u00bb.<\/p>\n<p>En los \u00faltimos d\u00edas grupos de personas organizadas tomaron por asalto diferentes autoservicios y comercios en las provincias de Neuqu\u00e9n, Mendoza y el Gran Buenos Aires para robar bebidas, alimentos y todo tipo de insumo que se comercializan en eses espacios.<\/p>\n<p>\u00abSi bien nuestro sector siempre fue un objetivo principal de estos delitos, es evidente que toda la sociedad se ve afectada, por eso es imprescindible que el Estado cumpla con su deber de brindar seguridad, que la Justicia intervenga decididamente a trav\u00e9s de sus fiscales y que la Pol\u00edtica deje de lado mezquindades brindando la contenci\u00f3n necesaria ante la emergencia que enfrentamos\u00bb, consign\u00f3 el documento <strong>que recibi\u00f3 Visi\u00f3nweb.com.ar.<\/strong><\/p>\n<p><strong>El supermercadismo argentino ya vivi\u00f3 tr\u00e1gicas experiencias en a\u00f1os pasados, con p\u00e9rdida de vidas y da\u00f1os materiales, que ahora deben ser evitados.\u00a0<\/strong><\/p>\n<p>\u00abPor eso es que no se debe permitir que pretendidos dirigentes sociales inciten a formar organizaciones delictivas destinadas a cometer il\u00edcitos que podr\u00edan afectar a la seguridad de la poblaci\u00f3n, -incluso con riesgo de vidas- ocasionando adem\u00e1s ingentes p\u00e9rdidas materiales a empresas y personas v\u00edctimas de los delincuentes\u00bb, concluy\u00f3 el documento <strong>(VW)<\/strong>.<\/p>\n","protected":false},"excerpt":{"rendered":"<p>El supermercadismo argentino ya vivi\u00f3 tr\u00e1gicas experiencias en a\u00f1os pasados, con p\u00e9rdida de vidas y da\u00f1os materiales, que ahora deben ser evitados.\u00a0<\/p>\n","protected":false},"author":3,"featured_media":11550,"comment_status":"closed","ping_status":"closed","sticky":false,"template":"","format":"standard","meta":{"_monsterinsights_skip_tracking":false,"_monsterinsights_sitenote_active":false,"_monsterinsights_sitenote_note":"","_monsterinsights_sitenote_category":0,"footnotes":""},"categories":[8],"tags":[536,4799,4805,417],"class_list":["post-11549","post","type-post","status-publish","format-standard","has-post-thumbnail","hentry","category-interes-general","tag-incendios","tag-saqueos","tag-super","tag-violencia"],"_links":{"self":[{"href":"https:\/\/www.visionweb.com.ar\/index.php?rest_route=\/wp\/v2\/posts\/11549","targetHints":{"allow":["GET"]}}],"collection":[{"href":"https:\/\/www.visionweb.com.ar\/index.php?rest_route=\/wp\/v2\/posts"}],"about":[{"href":"https:\/\/www.visionweb.com.ar\/index.php?rest_route=\/wp\/v2\/types\/post"}],"author":[{"embeddable":true,"href":"https:\/\/www.visionweb.com.ar\/index.php?rest_route=\/wp\/v2\/users\/3"}],"replies":[{"embeddable":true,"href":"https:\/\/www.visionweb.com.ar\/index.php?rest_route=%2Fwp%2Fv2%2Fcomments&post=11549"}],"version-history":[{"count":1,"href":"https:\/\/www.visionweb.com.ar\/index.php?rest_route=\/wp\/v2\/posts\/11549\/revisions"}],"predecessor-version":[{"id":11551,"href":"https:\/\/www.visionweb.com.ar\/index.php?rest_route=\/wp\/v2\/posts\/11549\/revisions\/11551"}],"wp:featuredmedia":[{"embeddable":true,"href":"https:\/\/www.visionweb.com.ar\/index.php?rest_route=\/wp\/v2\/media\/11550"}],"wp:attachment":[{"href":"https:\/\/www.visionweb.com.ar\/index.php?rest_route=%2Fwp%2Fv2%2Fmedia&parent=11549"}],"wp:term":[{"taxonomy":"category","embeddable":true,"href":"https:\/\/www.visionweb.com.ar\/index.php?rest_route=%2Fwp%2Fv2%2Fcategories&post=11549"},{"taxonomy":"post_tag","embeddable":true,"href":"https:\/\/www.visionweb.com.ar\/index.php?rest_route=%2Fwp%2Fv2%2Ftags&post=11549"}],"curies":[{"name":"wp","href":"https:\/\/api.w.org\/{rel}","templated":true}]}}