{"id":11546,"date":"2023-08-23T14:46:02","date_gmt":"2023-08-23T17:46:02","guid":{"rendered":"https:\/\/www.visionweb.com.ar\/?p=11546"},"modified":"2023-08-23T14:46:02","modified_gmt":"2023-08-23T17:46:02","slug":"mes-de-las-infancias-en-lanus-jornada-de-juegos-educativos","status":"publish","type":"post","link":"https:\/\/www.visionweb.com.ar\/?p=11546","title":{"rendered":"Mes de las infancias en Lan\u00fas: Jornada de juegos educativos"},"content":{"rendered":"<p><em><strong>El Municipio ofrecer\u00e1 diversas actividades para los chicos que se realizar\u00e1n el jueves 24, en las Unidades Sanitarias del distrito.<\/strong><\/em><!--more--><\/p>\n<p><strong><img loading=\"lazy\" decoding=\"async\" class=\"size-medium wp-image-11547 alignleft\" src=\"https:\/\/www.visionweb.com.ar\/wp-content\/uploads\/2023\/08\/a-chicos-300x298.jpg\" alt=\"\" width=\"300\" height=\"298\" srcset=\"https:\/\/www.visionweb.com.ar\/wp-content\/uploads\/2023\/08\/a-chicos-300x298.jpg 300w, https:\/\/www.visionweb.com.ar\/wp-content\/uploads\/2023\/08\/a-chicos-150x150.jpg 150w, https:\/\/www.visionweb.com.ar\/wp-content\/uploads\/2023\/08\/a-chicos-80x80.jpg 80w, https:\/\/www.visionweb.com.ar\/wp-content\/uploads\/2023\/08\/a-chicos-65x65.jpg 65w, https:\/\/www.visionweb.com.ar\/wp-content\/uploads\/2023\/08\/a-chicos.jpg 378w\" sizes=\"auto, (max-width: 300px) 100vw, 300px\" \/>\u00a0\u00a0 E<\/strong>l Municipio de Lan\u00fas llevar\u00e1 adelante una jornada recreativa con diferentes talleres did\u00e1cticos en las unidades sanitarias del distrito para agasajar a los ni\u00f1os el mes de las infancias.<\/p>\n<p>Las actividades previstas para el jueves 24, estar\u00e1n a cargo de profesionales de la salud con el fin de promover la incorporaci\u00f3n de h\u00e1bitos saludables en los ni\u00f1os mediante la recreaci\u00f3n y el esparcimiento.<\/p>\n<p>De esta forma, las personas podr\u00e1n acercarse a disfrutar de shows de t\u00edteres y juegos en las diferentes postas, en las ense\u00f1ar\u00e1n pautas de alimentaci\u00f3n, enfermer\u00eda pedi\u00e1trica e higiene bucal.<\/p>\n<p><strong>Las actividades se desarrollar\u00e1n en los siguientes espacios y horarios:<\/strong><\/p>\n<ul>\n<li>A las 9 horas: Centro de Atenci\u00f3n Primaria de la Salud Monte Chingolo (Rondeau y Blanco Encalada).<\/li>\n<li>A las 10 horas: unidades sanitarias Villa Jard\u00edn (Emilio Castro 3826), Luis M\u00e1spero (M\u00e1spero 75, Remedios de Escalada), Miranda Norgreen (Murature 114, Villa Caraza) y Nicol\u00e1s Natiello (Martinto 1198, Monte Chingolo).<\/li>\n<li>A las 11 horas: Unidad Sanitaria San Mart\u00edn (Corval\u00e1n 2107, Lan\u00fas Este), Francisco Masevicius (Paso de Burgos 77, Valent\u00edn Alsina), Lan\u00fas Oeste (avenida 25 de Mayo 707) y 1\u00b0 de Mayo (Bustamante 2355, Lan\u00fas Este).<\/li>\n<li>A las 14 horas: Medicina Preventiva (Sitio de Montevideo 1862, Lan\u00fas Este).<\/li>\n<\/ul>\n<p>Asimismo, el evento incluir\u00e1 una campa\u00f1a informativa sobre la importancia de la aplicaci\u00f3n de vacunas correspondientes al Calendario Nacional, conforme indic\u00f3 el Municipio. <strong>(VW)<\/strong><\/p>\n","protected":false},"excerpt":{"rendered":"<p>El Municipio ofrecer\u00e1 diversas actividades para los chicos que se realizar\u00e1n el jueves 24, en las Unidades Sanitarias del distrito.<\/p>\n","protected":false},"author":4,"featured_media":11547,"comment_status":"closed","ping_status":"closed","sticky":false,"template":"","format":"standard","meta":{"_monsterinsights_skip_tracking":false,"_monsterinsights_sitenote_active":false,"_monsterinsights_sitenote_note":"","_monsterinsights_sitenote_category":0,"footnotes":""},"categories":[8,5],"tags":[19,4804,14],"class_list":["post-11546","post","type-post","status-publish","format-standard","has-post-thumbnail","hentry","category-interes-general","category-sociedad","tag-lanus","tag-mes-de-las-infancias","tag-municipio"],"_links":{"self":[{"href":"https:\/\/www.visionweb.com.ar\/index.php?rest_route=\/wp\/v2\/posts\/11546","targetHints":{"allow":["GET"]}}],"collection":[{"href":"https:\/\/www.visionweb.com.ar\/index.php?rest_route=\/wp\/v2\/posts"}],"about":[{"href":"https:\/\/www.visionweb.com.ar\/index.php?rest_route=\/wp\/v2\/types\/post"}],"author":[{"embeddable":true,"href":"https:\/\/www.visionweb.com.ar\/index.php?rest_route=\/wp\/v2\/users\/4"}],"replies":[{"embeddable":true,"href":"https:\/\/www.visionweb.com.ar\/index.php?rest_route=%2Fwp%2Fv2%2Fcomments&post=11546"}],"version-history":[{"count":1,"href":"https:\/\/www.visionweb.com.ar\/index.php?rest_route=\/wp\/v2\/posts\/11546\/revisions"}],"predecessor-version":[{"id":11548,"href":"https:\/\/www.visionweb.com.ar\/index.php?rest_route=\/wp\/v2\/posts\/11546\/revisions\/11548"}],"wp:featuredmedia":[{"embeddable":true,"href":"https:\/\/www.visionweb.com.ar\/index.php?rest_route=\/wp\/v2\/media\/11547"}],"wp:attachment":[{"href":"https:\/\/www.visionweb.com.ar\/index.php?rest_route=%2Fwp%2Fv2%2Fmedia&parent=11546"}],"wp:term":[{"taxonomy":"category","embeddable":true,"href":"https:\/\/www.visionweb.com.ar\/index.php?rest_route=%2Fwp%2Fv2%2Fcategories&post=11546"},{"taxonomy":"post_tag","embeddable":true,"href":"https:\/\/www.visionweb.com.ar\/index.php?rest_route=%2Fwp%2Fv2%2Ftags&post=11546"}],"curies":[{"name":"wp","href":"https:\/\/api.w.org\/{rel}","templated":true}]}}