{"id":11542,"date":"2023-08-23T14:34:41","date_gmt":"2023-08-23T17:34:41","guid":{"rendered":"https:\/\/www.visionweb.com.ar\/?p=11542"},"modified":"2023-08-23T14:34:41","modified_gmt":"2023-08-23T17:34:41","slug":"unlp-colecta-solidaria-para-las-familias-afectadas-por-las-inundaciones","status":"publish","type":"post","link":"https:\/\/www.visionweb.com.ar\/?p=11542","title":{"rendered":"UNLP: Colecta solidaria para las familias afectadas por las inundaciones"},"content":{"rendered":"<p><em><strong>La Universidad Nacional de La Plata lanz\u00f3 una colecta de venta de alimentos para colaborar con las familias que sufrieron p\u00e9rdidas por las inundaciones.<\/strong><\/em><!--more--><\/p>\n<p><img loading=\"lazy\" decoding=\"async\" class=\"size-medium wp-image-11543 alignright\" src=\"https:\/\/www.visionweb.com.ar\/wp-content\/uploads\/2023\/08\/a-combo-1-300x300.png\" alt=\"\" width=\"300\" height=\"300\" srcset=\"https:\/\/www.visionweb.com.ar\/wp-content\/uploads\/2023\/08\/a-combo-1-300x300.png 300w, https:\/\/www.visionweb.com.ar\/wp-content\/uploads\/2023\/08\/a-combo-1-150x150.png 150w, https:\/\/www.visionweb.com.ar\/wp-content\/uploads\/2023\/08\/a-combo-1-80x80.png 80w, https:\/\/www.visionweb.com.ar\/wp-content\/uploads\/2023\/08\/a-combo-1-320x320.png 320w, https:\/\/www.visionweb.com.ar\/wp-content\/uploads\/2023\/08\/a-combo-1-65x65.png 65w, https:\/\/www.visionweb.com.ar\/wp-content\/uploads\/2023\/08\/a-combo-1.png 427w\" sizes=\"auto, (max-width: 300px) 100vw, 300px\" \/>\u00a0\u00a0 <strong>E<\/strong>l <strong>Consejo Social de la Universidad Nacional de La Plata (UNLP) organiz\u00f3 una colecta solidaria para socorrer a las familias inundadas, consistente en la compra de alimentos destinados a las familias afectadas.<\/strong><\/p>\n<p><strong>Proponen diversos combos que contienen <\/strong>verduras, legumbres, harinas y yerba, entre otros productos.<\/p>\n<p><strong>Combo verduras y legumbres:<\/strong><\/p>\n<ul>\n<li>\u00a0<strong>Combo 1:\u00a0<\/strong>4 kilos de verduras (cebolla, zanahoria y zapallo).\u00a0<strong>Precio: $1000<\/strong><\/li>\n<li><strong>\u00a0Combo 2<\/strong>: 2 kilos de legumbres (lentejas, porotos y garbanzos) y condimentos.<strong>\u00a0Precio: $1500<\/strong><\/li>\n<li><strong>\u00a0Combo 3<\/strong>: 4 kilos de verduras (cebolla, zanahoria y zapallo), 2 kilos de legumbres (lentejas, porotos y garbanzos).\u00a0<strong>Precio: $2000<\/strong><\/li>\n<\/ul>\n<p>La donaci\u00f3n se puede relizar v\u00eda transferencia a trav\u00e9s del Alias:\u00a0<strong>gabrielaartesan.uala<\/strong>. Luego se deber\u00e1 enviar el comprobante al 1173619930 o al mail paseosocial@gmail.com<\/p>\n<p><strong><img loading=\"lazy\" decoding=\"async\" class=\"size-medium wp-image-11544 alignleft\" src=\"https:\/\/www.visionweb.com.ar\/wp-content\/uploads\/2023\/08\/a-combo-2-300x297.png\" alt=\"\" width=\"300\" height=\"297\" srcset=\"https:\/\/www.visionweb.com.ar\/wp-content\/uploads\/2023\/08\/a-combo-2-300x297.png 300w, https:\/\/www.visionweb.com.ar\/wp-content\/uploads\/2023\/08\/a-combo-2-150x150.png 150w, https:\/\/www.visionweb.com.ar\/wp-content\/uploads\/2023\/08\/a-combo-2-80x80.png 80w, https:\/\/www.visionweb.com.ar\/wp-content\/uploads\/2023\/08\/a-combo-2-65x65.png 65w, https:\/\/www.visionweb.com.ar\/wp-content\/uploads\/2023\/08\/a-combo-2.png 431w\" sizes=\"auto, (max-width: 300px) 100vw, 300px\" \/>Combo yerba harinas y mermelada:<\/strong><\/p>\n<ul>\n<li>\u00a0<strong>Opci\u00f3n 1:\u00a0<\/strong>1\/2 kilo de yerba y 1 kilo de harina.<strong>\u00a0Precio: $1200<\/strong><\/li>\n<li><strong>\u00a0Opci\u00f3n 2<\/strong>: 1\/2 kilo de yerba y 1 mermelada grande o miel de 1\/2 kilo.\u00a0<strong>Precio: $1700<\/strong><\/li>\n<li><strong>\u00a0Opci\u00f3n 3:<\/strong>\u00a01\/2 kilo de yerba, 1 kilo de harina y 1 mermelada grande o miel de 1\/2 kilo.\u00a0<strong>Precio: $2200<\/strong><\/li>\n<\/ul>\n<p>La donaci\u00f3n se puede realizar por transferencia a trav\u00e9s del Alias:\u00a0<strong>dona.fondo.cobra<\/strong><\/p>\n<p>Los productos\u00a0<strong>ser\u00e1n distribuidos en las distintas organizaciones e instituciones que integran el Consejo Social, para que sean repartidas en las familias que sufrieron grandes p\u00e9rdidas. (VW)<\/strong><\/p>\n","protected":false},"excerpt":{"rendered":"<p>La Universidad Nacional de La Plata lanz\u00f3 una colecta de venta de alimentos para colaborar con las familias que sufrieron p\u00e9rdidas por las inundaciones.<\/p>\n","protected":false},"author":4,"featured_media":11544,"comment_status":"closed","ping_status":"closed","sticky":false,"template":"","format":"standard","meta":{"_monsterinsights_skip_tracking":false,"_monsterinsights_sitenote_active":false,"_monsterinsights_sitenote_note":"","_monsterinsights_sitenote_category":0,"footnotes":""},"categories":[8,5],"tags":[1833,4802,2655,4801,3914,4803],"class_list":["post-11542","post","type-post","status-publish","format-standard","has-post-thumbnail","hentry","category-interes-general","category-sociedad","tag-colecta","tag-fondos-para-familias","tag-inundaciones","tag-universidad-de-la-plata","tag-unlp","tag-venta-de-productos"],"_links":{"self":[{"href":"https:\/\/www.visionweb.com.ar\/index.php?rest_route=\/wp\/v2\/posts\/11542","targetHints":{"allow":["GET"]}}],"collection":[{"href":"https:\/\/www.visionweb.com.ar\/index.php?rest_route=\/wp\/v2\/posts"}],"about":[{"href":"https:\/\/www.visionweb.com.ar\/index.php?rest_route=\/wp\/v2\/types\/post"}],"author":[{"embeddable":true,"href":"https:\/\/www.visionweb.com.ar\/index.php?rest_route=\/wp\/v2\/users\/4"}],"replies":[{"embeddable":true,"href":"https:\/\/www.visionweb.com.ar\/index.php?rest_route=%2Fwp%2Fv2%2Fcomments&post=11542"}],"version-history":[{"count":1,"href":"https:\/\/www.visionweb.com.ar\/index.php?rest_route=\/wp\/v2\/posts\/11542\/revisions"}],"predecessor-version":[{"id":11545,"href":"https:\/\/www.visionweb.com.ar\/index.php?rest_route=\/wp\/v2\/posts\/11542\/revisions\/11545"}],"wp:featuredmedia":[{"embeddable":true,"href":"https:\/\/www.visionweb.com.ar\/index.php?rest_route=\/wp\/v2\/media\/11544"}],"wp:attachment":[{"href":"https:\/\/www.visionweb.com.ar\/index.php?rest_route=%2Fwp%2Fv2%2Fmedia&parent=11542"}],"wp:term":[{"taxonomy":"category","embeddable":true,"href":"https:\/\/www.visionweb.com.ar\/index.php?rest_route=%2Fwp%2Fv2%2Fcategories&post=11542"},{"taxonomy":"post_tag","embeddable":true,"href":"https:\/\/www.visionweb.com.ar\/index.php?rest_route=%2Fwp%2Fv2%2Ftags&post=11542"}],"curies":[{"name":"wp","href":"https:\/\/api.w.org\/{rel}","templated":true}]}}