{"id":11539,"date":"2023-08-23T13:51:19","date_gmt":"2023-08-23T16:51:19","guid":{"rendered":"https:\/\/www.visionweb.com.ar\/?p=11539"},"modified":"2023-08-23T13:51:19","modified_gmt":"2023-08-23T16:51:19","slug":"que-hacen-las-autoridades-frente-a-los-hechos-de-vandalismo-a-comercios-robos-o-saqueos","status":"publish","type":"post","link":"https:\/\/www.visionweb.com.ar\/?p=11539","title":{"rendered":"Qu\u00e9 hacen las autoridades frente a los hechos de vandalismo a comercios, robos, o saqueos"},"content":{"rendered":"<p><em><strong>En principio el Gobierno neg\u00f3 estos hechos, luego lo atribuy\u00f3 a \u201cgrupos orquestados\u201d por la oposici\u00f3n, y hubo respuestas. \u00a0An\u00edbal Fern\u00e1ndez analizar\u00e1 la\u00a0conformaci\u00f3n de un comando espec\u00edfico para actuar en la Provincia.<\/strong><\/em><!--more--><\/p>\n<div id=\"attachment_11540\" style=\"width: 310px\" class=\"wp-caption alignright\"><img loading=\"lazy\" decoding=\"async\" aria-describedby=\"caption-attachment-11540\" class=\"wp-image-11540 size-medium\" src=\"https:\/\/www.visionweb.com.ar\/wp-content\/uploads\/2023\/08\/a-super-chino-moreno-300x200.png\" alt=\"\" width=\"300\" height=\"200\" srcset=\"https:\/\/www.visionweb.com.ar\/wp-content\/uploads\/2023\/08\/a-super-chino-moreno-300x200.png 300w, https:\/\/www.visionweb.com.ar\/wp-content\/uploads\/2023\/08\/a-super-chino-moreno.png 494w\" sizes=\"auto, (max-width: 300px) 100vw, 300px\" \/><p id=\"caption-attachment-11540\" class=\"wp-caption-text\">Supermercado chino en la localidad de Moreno, luego de los destrozos de ayer. Imagen de internet<\/p><\/div>\n<p><strong>H<\/strong>asta el momento hay 94 personas detenidas por fuerzas de la Polic\u00eda bonaerense en las \u00faltimas horas,\u00a0<strong>acusadas de haber participado de acciones de vandalismo y robo a distintos supermercados y comercios del conurbano bonaerense<\/strong>.<\/p>\n<p>Las Fiscal\u00edas buscan determinar los delitos que cometieron. Hay casos de robos en poblado y en banda, robos, lesiones, hurtos y resistencia a la autoridad.<\/p>\n<p><strong>Algunos de los partidos bonaerenses donde se produjeron este tipo de hechos son: Moreno, Merlo, Tigre, Pilar, Escobar y Tres de Febrero. \u00a0<\/strong><\/p>\n<p>Seg\u00fan expresaron fuentes policiales y judiciales esta ma\u00f1ana, en el partido de Tigre se registraron 11 detenciones luego de que 30 personas intentaron ingresar a distintos supermercados de las localidades de Don Torcuato, Talar y Rinc\u00f3n de Milberg.<\/p>\n<p>En tanto, en Pilar se registraron dos robos consumados y una tentativa con un total de ocho aprehendidos, entre ellos un menor de edad.<\/p>\n<p><strong>Los acusados ser\u00e1n indagados por el delito de \u201crobo en poblado y en banda agravado por a la participaci\u00f3n de un menor y por el estado de conmoci\u00f3n p\u00fablica\u201d<\/strong>, seg\u00fan el art\u00edculo 163 inciso 2 del C\u00f3digo Penal, se\u00f1al\u00f3 un vocero judicial.<\/p>\n<p>En tanto, fuentes de la municipalidad de\u00a0<strong>Tres de Febrero indicaron que en ese partido bonaerense hubo siete detenidos por hechos de esas caracter\u00edsticas.<\/strong><\/p>\n<p>E<strong>n el partido de Merlo hubo otros cuatro detenidos<\/strong>, uno de ellos en la localidad de Libertad, cuando intent\u00f3 ingresar junto a un grupo de personas a un supermercado de la empresa Carrefour, mientras que tres j\u00f3venes fueron apresados al intentar robar una carnicer\u00eda en San Antonio de Padua.<\/p>\n<p>M\u00e1s temprano, la jueza de Garant\u00edas 6 de San Mart\u00edn, Elena Gabriela Persichini,\u00a0<strong>confirm\u00f3 que cuatro personas fueron aprehendidas acusadas de ingresar a robar a un supermercado D\u00eda de la localidad de Jos\u00e9 C. Paz.<\/strong><\/p>\n<p><strong>El accionar de las autoridades:<\/strong><\/p>\n<p>El gobernador de la provincia de Buenos Aires,\u00a0<strong>Axel Kicillof<\/strong>, <strong>se reuni\u00f3 ayer en el Sal\u00f3n Dorado de la Gobernaci\u00f3n, en La Plata, con algunos intendentes para analizar la situaci\u00f3n particular en cada municipio.<\/strong><\/p>\n<p>A la vez, se reunir\u00e1 hoy en el Centro de Comando Operativo en Puente 12, en La Matanza, para monitorear junto al ministro de Seguridad bonaerense,\u00a0<strong>Sergio Berni<\/strong>, la situaci\u00f3n de los intentos de robo en poblado y en banda a supermercados y comercios del conurbano que se registraron en los \u00faltimos d\u00edas.<\/p>\n<p>Seg\u00fan informaron fuentes oficiales, Berni\u00a0<strong>se encuentra al frente del operativo para contener los hechos delictivos que se registraron en supermercados<\/strong>.<\/p>\n<p>En paralelo, el ministro de Producci\u00f3n, Augusto Costa, es el encargado de monitorear \u201cla situaci\u00f3n con supermercados, comercios y c\u00e1maras de comercio\u201d, seg\u00fan se inform\u00f3.<\/p>\n<p>El <strong>ministro de Seguridad de Naci\u00f3n,\u00a0An\u00edbal Fern\u00e1ndez<\/strong>, afirm\u00f3 m\u00e1s temprano que \u201chay vocaci\u00f3n de generar una suerte de conflicto\u201d con los robos que se produjeron en los \u00faltimos d\u00edas\u00a0en varias provincias, y adelant\u00f3 que hoy se analizar\u00e1 la\u00a0<strong>conformaci\u00f3n de un comando espec\u00edfico<\/strong>\u00a0para actuar con las cuatro fuerzas de seguridad en el conurbano bonaerense.<\/p>\n<p><strong>El Gobierno nacional entre la negaci\u00f3n de los hechos y la b\u00fasqueda de culpables:<\/strong><\/p>\n<p><strong>La portavoz de Presidencia, Gabriela Cerrutti asegur\u00f3 ayer que hubo convocatorias para realizar saqueos y dijo que provienen de grupos alienados detr\u00e1s de Juntos por el Cambio (JxC) y La Libertad Avanza (LLA).<\/strong><\/p>\n<p>\u201cSoy la ministra de Comunicaci\u00f3n, por lo tanto me refiero al clima que fueron generando desde el s\u00e1bado en las redes y que ayer culmin\u00f3\u00a0Javier Milei cuando no hab\u00eda pasado nada todav\u00eda, s\u00f3lo grupos de whatsap incentivando, que hab\u00eda corridas en lugares puntuales\u201d, asegur\u00f3.<\/p>\n<p>Y sigui\u00f3:\u00a0<strong>\u201cEl clima en las redes sociales lo fueron generando las cuentas que est\u00e1n ligadas a los grupos de Libertad Avanza, en algunos casos, tambi\u00e9n a los grupos de Patricia Bullrich.\u00a0Estas cosas son da\u00f1os muy graves para la democracia\u201d<\/strong>, dijo Cerrutti.<\/p>\n<p>\u201cTenemos que estar atentos a estas cosas, son da\u00f1os graves para la democracia. Bullrich y Milei son dos candidatos que construyen su discurso en base a la a\u00f1oranza que tienen de que la democracia cruja y se desestabilice\u201d, finaliz\u00f3.<\/p>\n<p><strong>La oposici\u00f3n no tard\u00f3 en responder:<\/strong><\/p>\n<p><strong>Desde La Libertad Avanza, en tanto, rechazaron declaraciones<\/strong>\u00a0de la portavoz de la Presidencia, Gabriela Cerruti, quien ayer denunci\u00f3 la circulaci\u00f3n en redes sociales de im\u00e1genes \u201cfalsas\u201d sobre supuestos robos en comercios de distintas partes del pa\u00eds y destac\u00f3 que esas reproducciones fueron \u201cpublicadas en cuentas que claramente son seguidores o empleados\u201d de Javier Milei.<\/p>\n<p>\u201cNecesitamos ya la firmeza de la ley y el orden para salir de este infierno. Conmigo, esto se acaba\u201d, public\u00f3 <strong>Patricia Bullrich<\/strong> en sus redes sociales.<\/p>\n<p>En este sentido, plante\u00f3 que\u00a0<strong>no se puede \u201cceder ni un mil\u00edmetro ante los delincuentes\u201d<\/strong>, e insisti\u00f3 con que <strong>\u201cdel caos se sale con orden\u201d<\/strong> y con la idea de que \u201ccasi 16 a\u00f1os de kirchnerismo transformaron a la Argentina en un pa\u00eds fuera de control y los resultados est\u00e1n a la vista\u201d. <strong>(VW)<\/strong><\/p>\n","protected":false},"excerpt":{"rendered":"<p>En principio el Gobierno neg\u00f3 estos hechos, luego lo atribuy\u00f3 a \u201cgrupos orquestados\u201d por la oposici\u00f3n, y hubo respuestas. \u00a0An\u00edbal Fern\u00e1ndez analizar\u00e1 la\u00a0conformaci\u00f3n de un comando espec\u00edfico para actuar en la Provincia.<\/p>\n","protected":false},"author":4,"featured_media":11540,"comment_status":"closed","ping_status":"closed","sticky":false,"template":"","format":"standard","meta":{"_monsterinsights_skip_tracking":false,"_monsterinsights_sitenote_active":false,"_monsterinsights_sitenote_note":"","_monsterinsights_sitenote_category":0,"footnotes":""},"categories":[4,5],"tags":[4800,48,356,4799],"class_list":["post-11539","post","type-post","status-publish","format-standard","has-post-thumbnail","hentry","category-politica","category-sociedad","tag-comando-especifico","tag-comercios","tag-provincia","tag-saqueos"],"_links":{"self":[{"href":"https:\/\/www.visionweb.com.ar\/index.php?rest_route=\/wp\/v2\/posts\/11539","targetHints":{"allow":["GET"]}}],"collection":[{"href":"https:\/\/www.visionweb.com.ar\/index.php?rest_route=\/wp\/v2\/posts"}],"about":[{"href":"https:\/\/www.visionweb.com.ar\/index.php?rest_route=\/wp\/v2\/types\/post"}],"author":[{"embeddable":true,"href":"https:\/\/www.visionweb.com.ar\/index.php?rest_route=\/wp\/v2\/users\/4"}],"replies":[{"embeddable":true,"href":"https:\/\/www.visionweb.com.ar\/index.php?rest_route=%2Fwp%2Fv2%2Fcomments&post=11539"}],"version-history":[{"count":1,"href":"https:\/\/www.visionweb.com.ar\/index.php?rest_route=\/wp\/v2\/posts\/11539\/revisions"}],"predecessor-version":[{"id":11541,"href":"https:\/\/www.visionweb.com.ar\/index.php?rest_route=\/wp\/v2\/posts\/11539\/revisions\/11541"}],"wp:featuredmedia":[{"embeddable":true,"href":"https:\/\/www.visionweb.com.ar\/index.php?rest_route=\/wp\/v2\/media\/11540"}],"wp:attachment":[{"href":"https:\/\/www.visionweb.com.ar\/index.php?rest_route=%2Fwp%2Fv2%2Fmedia&parent=11539"}],"wp:term":[{"taxonomy":"category","embeddable":true,"href":"https:\/\/www.visionweb.com.ar\/index.php?rest_route=%2Fwp%2Fv2%2Fcategories&post=11539"},{"taxonomy":"post_tag","embeddable":true,"href":"https:\/\/www.visionweb.com.ar\/index.php?rest_route=%2Fwp%2Fv2%2Ftags&post=11539"}],"curies":[{"name":"wp","href":"https:\/\/api.w.org\/{rel}","templated":true}]}}